{"id":66618,"date":"2022-07-30T17:40:33","date_gmt":"2022-07-30T16:40:33","guid":{"rendered":"https:\/\/angelruizquesada.com\/?p=66618"},"modified":"2022-07-31T07:26:38","modified_gmt":"2022-07-31T06:26:38","slug":"visita-mi-pueblo-4a-parte-monumento-a-las-guayarminas-de-juan-borges-linares-40-aniversario-1982-2022","status":"publish","type":"post","link":"https:\/\/angelruizquesada.com\/borges\/visita-mi-pueblo-4a-parte-monumento-a-las-guayarminas-de-juan-borges-linares-40-aniversario-1982-2022\/","title":{"rendered":"Visita mi pueblo 4\u00aa Parte, Monumento a las Guayarminas de Juan Borges Linares 40 Aniversario (1982-2022)"},"content":{"rendered":"<p class=\"dropcap-first\"><div class=\"fusion-fullwidth fullwidth-box fusion-builder-row-1 fusion-flex-container nonhundred-percent-fullwidth non-hundred-percent-height-scrolling\" style=\"background-color: #ffffff;background-position: center center;background-repeat: no-repeat;border-width: 0px 0px 0px 0px;border-color:#eae9e9;border-style:solid;\" ><div class=\"fusion-builder-row fusion-row fusion-flex-align-items-flex-start\" style=\"max-width:95.68%;margin-left: calc(-4% \/ 2 );margin-right: calc(-4% \/ 2 );\"><div class=\"fusion-layout-column fusion_builder_column fusion-builder-column-0 fusion_builder_column_1_1 1_1 fusion-flex-column\"><div class=\"fusion-column-wrapper fusion-flex-justify-content-flex-start fusion-content-layout-column\" style=\"background-position:left top;background-repeat:no-repeat;-webkit-background-size:cover;-moz-background-size:cover;-o-background-size:cover;background-size:cover;padding: 0px 0px 0px 0px;\"><div class=\"fusion-text fusion-text-1\"><p><span style=\"font-weight: 400;\">Hola David, buenas tardes, aqu\u00ed estamos de nuevo.<\/span><\/p>\n<p><span style=\"font-weight: 400;\">Mis mejores deseos para este d\u00eda a todas, y a todos.<\/span><\/p>\n<p><span style=\"font-weight: 400;\">Aqu\u00ed, lo prometido, hemos bajado las escalinatas de la Plaza del Calvario y en nada llegamos al Monumento de las Guayarminas. Est\u00e1 situado al final del \u201cPaseo de los Guanartemes\u201d y al comienzo de la \u201cBajada de las Guayarminas\u201d, como bien se recoge en la \u201cRuta Juan Borges Linares: dice as\u00ed: <\/span><i><span style=\"font-weight: 400;\">entre las confluencias de las calles Capit\u00e1n Carrascosa, Domingo P\u00e9rez y Bajada de las Guayarminas, hallamos el <\/span><\/i><b>Monumento a las Tres Princesas<\/b><span style=\"font-weight: 400;\">. <\/span><i><span style=\"font-weight: 400;\">En \u00e9l se representan: en el centro y de pie: Guayarmina Arminda (De cristiana, Catalina de Guzm\u00e1n). <\/span><\/i><span style=\"font-weight: 400;\">(Mir\u00e1ndolas de frente) <\/span><i><span style=\"font-weight: 400;\">a su derecha: Tenesoya Vidina (De cristiana, do\u00f1a Luisa de Bethencourt). A la izquierda de Arminda: Margarita Fern\u00e1ndez (Hija de Tenesor Semid\u00e1n, de cristiana Margarita Fern\u00e1ndez Guanarteme)<\/span><\/i><span style=\"font-weight: 400;\"> mirando hacia la Monta\u00f1a.<\/span><\/p>\n<p><span style=\"font-weight: 400;\">Monumental escultura realizada en 1979, de cuatro metros de altura y que, se ha convertido en el primer referente de la Ciudad galdense, el s\u00edmbolo de nuestra canariedad.<\/span><\/p>\n<p><span style=\"font-weight: 400;\">La idea de la realizaci\u00f3n del Monumento a las Guayarminas, es de don Antonio Rosas Sur\u00eds, \u201cAl C\u00e9sar lo que es del C\u00e9sar\u201d. Fue, cuando ostentaba la Alcald\u00eda a finales de los cincuenta, cosa que no consigui\u00f3.<\/span><\/p>\n<p><span style=\"font-weight: 400;\">En las Primeras Elecciones Democr\u00e1ticas 1979-1983, en las que tambi\u00e9n ostentaba la Alcald\u00eda, a los tan solo cien d\u00edas de mandato, encarg\u00f3 a Juan Borges Linares la realizaci\u00f3n del Monumento, termin\u00e1ndola de realizar antes de finalizar el a\u00f1o 1979.<\/span><\/p>\n<p><span style=\"font-weight: 400;\">La obra escult\u00f3rica la realiz\u00f3 en la trasera de la vivienda que est\u00e1 situada junto a la ubicaci\u00f3n actual. Justo en la esquina del Paseo de los Guanartemes con la calle Capit\u00e1n Carrascosa, un espacio descubierto de unos cincuenta metros cuadrados, el cual se alquil\u00f3 a sus propietarios en unas 10.500 pesetas mensuales.&nbsp;<\/span><\/p>\n<p><span style=\"font-weight: 400;\">Por los t\u00e9cnicos del Ayuntamiento, se realiz\u00f3 el proyecto fijando su ubicaci\u00f3n en la entrada de la ciudad (donde est\u00e1 actualmente). Se encarg\u00f3 al Ministerio de Obras P\u00fablicas el rectificado y ensanche de la carretera general.<\/span><\/p>\n<p><span style=\"font-weight: 400;\">Ya, el monumento acabado, permaneci\u00f3 en el lugar donde se realiz\u00f3 mientras se hac\u00edan los tr\u00e1mites para su colocaci\u00f3n definitiva.<\/span><\/p>\n<p><span style=\"font-weight: 400;\">De todo este entramado, yo estaba al tanto por dos motivos, uno por la amistad que me un\u00eda a Borges, que, en varias ocasiones le acompa\u00f1aba mientras realizaba la escultura y, tambi\u00e9n porque era Concejal de esta corporaci\u00f3n y, ve\u00eda que los tr\u00e1mites no avanzaban como era nuestro deseo.<\/span><\/p>\n<p><span style=\"font-weight: 400;\">Se me ocurri\u00f3 una estrategia para intentar acelerar su colocaci\u00f3n, estrategia que le plante\u00e9 al amigo Borges, y era lograr que la obra saliera hacia la calle, para que la gente se tropezara con ella y de una vez se resolviera el enorme problema existente con Obras P\u00fablicas ya que, no quer\u00edan ensanchar la carretera para ubicarla en el centro de la misma que era nuestra pretensi\u00f3n, y, que se colocara provisionalmente en un espacio \u201cmunicipal\u201d que hab\u00eda junto al edificio del entonces Supermercado Noroeste, digo el nombre ya que el mismo actualmente no existe, es donde hoy se encuentra unos parterres. Luego, los periodistas se encargar\u00edan de \u201cdenunciar\u201d la ubicaci\u00f3n como la no id\u00f3nea, e insistir para que se colocara en el lugar que dignamente se merec\u00eda un Monumento de estas caracter\u00edsticas.<\/span><\/p>\n<p style=\"text-align: center;\"><img fetchpriority=\"high\" decoding=\"async\" class=\"lazyload aligncenter size-full wp-image-2003436\" src=\"data:image\/svg+xml,%3Csvg%20xmlns%3D%27http%3A%2F%2Fwww.w3.org%2F2000%2Fsvg%27%20width%3D%27525%27%20height%3D%27352%27%20viewBox%3D%270%200%20525%20352%27%3E%3Crect%20width%3D%27525%27%20height%3D%27352%27%20fill-opacity%3D%220%22%2F%3E%3C%2Fsvg%3E\" data-orig-src=\"https:\/\/nortegrancanaria.com\/magazin\/wp-content\/uploads\/2022\/07\/Sin-titulo-2.png\" alt=\"\" width=\"525\" height=\"352\"><\/p>\n<p><span style=\"font-weight: 400;\">Para ello, en vista que, lo m\u00e1s que \u201cdol\u00eda\u201d a la corporaci\u00f3n era la situaci\u00f3n econ\u00f3mica, en el acta del Pleno Ordinario celebrado el uno de marzo de 1.982, en Ruegos y Preguntas, aparece el siguiente: <\/span><i><span style=\"font-weight: 400;\">El Sr. Ruiz Quesada expone que la Comisi\u00f3n de Obras debe estudiar la posibilidad de sacar las Princesas de donde se encuentran actualmente y colocarlas en otro lugar para no tener que pagar alquiler de local<\/span><\/i><span style=\"font-weight: 400;\">. Esta acci\u00f3n, me cre\u00f3 la enemistad con alguno de los due\u00f1os del mencionado local, pero lo m\u00e1s importante es que fue lo suficiente para que, se tomase la iniciativa de colocarla en el exterior, as\u00ed se hizo el 30 de diciembre del mismo a\u00f1o.<\/span><\/p>\n<p><span style=\"font-weight: 400;\">Desde ese d\u00eda, comenzaron los escritos reivindicando la colocaci\u00f3n en el lugar que se hab\u00eda proyectado desde un principio. Esto, se deja de manifiesto con uno de los art\u00edculos en el \u201cEco de Canarias\u201d del 4 de enero de 1983 bajo el t\u00edtulo \u201cEl Monumento a las Guayarminas, relegado\u201d. Aprovechamos tambi\u00e9n la denuncia de un vecino, por entonces due\u00f1o del supermercado, que denunci\u00f3 al Ayuntamiento ya que, al colocarse el Monumento en aquel lugar eliminar\u00eda los aparcamientos que ten\u00eda destinado a los clientes.<\/span><\/p>\n<p><span style=\"font-weight: 400;\">Afortunadamente, se lleg\u00f3 a un buen acuerdo, permiti\u00e9ndose el ensanche de la carretera y la colocaci\u00f3n del Monumento en el lugar que desde un principio se hab\u00eda pensado, por ello, creo que es de inter\u00e9s detallar los actos que se llevaron a cabo el <\/span><b>24 de julio de 1985 <\/b><span style=\"font-weight: 400;\">como indica el programa de las fiestas patronales, en su p\u00e1gina 4 del mi\u00e9rcoles 24 de julio, v\u00edspera de la Fiesta Mayor de G\u00e1ldar, <\/span><b>INAUAUGRACI\u00d3N DEL MONUMENTO A LAS GUAYARMINAS<\/b><span style=\"font-weight: 400;\">.<\/span><span style=\"font-weight: 400;\">&nbsp;<\/span><\/p>\n<p><span style=\"font-weight: 400;\">A las 19 horas, en el Teatro Municipal, conferencia \u201cPrincesas de G\u00e1ldar\u201d y Lectura del \u201cRomance de Pedro El Rey\u201d,&nbsp;<\/span><\/p>\n<p><span style=\"font-weight: 400;\">A continuaci\u00f3n, inauguraci\u00f3n de \u201cLas Guayarminas\u201d, obra del escultor galdense Juan Borges Linares.<\/span><\/p>\n<p style=\"text-align: center;\"><img decoding=\"async\" class=\"lazyload aligncenter  wp-image-2003437\" src=\"data:image\/svg+xml,%3Csvg%20xmlns%3D%27http%3A%2F%2Fwww.w3.org%2F2000%2Fsvg%27%20width%3D%27313%27%20height%3D%27313%27%20viewBox%3D%270%200%20313%20313%27%3E%3Crect%20width%3D%27313%27%20height%3D%27313%27%20fill-opacity%3D%220%22%2F%3E%3C%2Fsvg%3E\" data-orig-src=\"https:\/\/nortegrancanaria.com\/magazin\/wp-content\/uploads\/2022\/07\/Borjes-2oEdicion_page98_image18-600x600.jpg\" alt=\"\" width=\"313\" height=\"313\"><\/p>\n<p><span style=\"font-weight: 400;\">Seguidamente y en el marco de la Recova de G\u00e1ldar inauguraci\u00f3n de <\/span><b>DOS<\/b> <b>FIGURAS ALEG\u00d3RICAS AL CAMPO Y AL MAR<\/b><span style=\"font-weight: 400;\">, obras tambi\u00e9n del escultor Borges Linares.<\/span><\/p>\n<p><span style=\"font-weight: 400;\">Por todo ello, si hablamos de aniversario, tendr\u00edamos que concederle tres fechas y son las siguientes:<\/span><\/p>\n<blockquote class=\"pullquote align-center\">\n<p><span style=\"font-weight: 400;\">Realizaci\u00f3n de la escultura<\/span> <span style=\"font-weight: 400;\">1979 <\/span> <span style=\"font-weight: 400;\">43 a\u00f1os<\/span><\/p>\n<p><b>Expuesta al p\u00fablico <\/b> <b>1982<\/b> <b>40 a\u00f1os<\/b><\/p>\n<p><span style=\"font-weight: 400;\">Inauguraci\u00f3n oficial<\/span> <span style=\"font-weight: 400;\">1985<\/span> <span style=\"font-weight: 400;\">37 a\u00f1os<\/span><\/p>\n<\/blockquote>\n<p><span style=\"font-weight: 400;\">Sea cual sea el que corresponda, no cabe la menor duda de que, nuestro Artista, Juan Borges Linares logr\u00f3 que el <\/span><b>MONUMENTO A LAS GUAYARMINAS<\/b><span style=\"font-weight: 400;\"> se haya convertido en el primer referente de nuestra Ciudad, como s\u00edmbolo de nuestra canariedad.<\/span><\/p>\n<p><span style=\"font-weight: 400;\">\u00a1Enhorabuena Borges!, en nombre de todos los galdenses, nuestra m\u00e1s sincera enhorabuena. Ojal\u00e1 estas y otras fechas, no caigan en el olvido y que, logremos de una vez, la realizaci\u00f3n de tu a\u00f1orada <\/span><b>CASA MUSEO<\/b><span style=\"font-weight: 400;\">, que, para ello, hace 18 a\u00f1os, donaste no solo tus bienes sino tambi\u00e9n, tu vivienda a nuestro Ayuntamiento para que este sue\u00f1o se hiciera realidad.&nbsp;<\/span><\/p>\n<p><span style=\"font-weight: 400;\">No me resisto en contarles que, mi amigo Borges, estaba empe\u00f1ado en encargarme a m\u00ed personalmente de este deseo, por ello, su empe\u00f1o en cederme su vivienda para que yo me hiciese cargo del mismo (con testigos a\u00fan vivos). Yo, l\u00f3gicamente, le convenc\u00ed, para que lo hiciese con nuestro Ayuntamiento que era el m\u00e1s id\u00f3neo, cosa que as\u00ed hizo, estando de alcalde nuestro querido don Manuel Godoy Meli\u00e1n.&nbsp;&nbsp;<\/span><\/p>\n<p><span style=\"font-weight: 400;\">Aunque seguimos a la espera de este deseo, no pierdo la esperanza. Otra vez, aqu\u00ed va, otra reivindicaci\u00f3n, lo hago porque lo siento mucho. Se ve que, escuchando el programa, con todas las que escucho, me est\u00e1n metiendo nuevamente el gusanillo. Que sea por el bien de todos.<\/span><\/p>\n<p><span style=\"font-weight: 400;\">Lo dicho: Buen d\u00eda a todas, buen d\u00eda a todos. Un saludo cari\u00f1oso. Especialmente para nuestro maestro, David Hatchuell.<\/span><\/p>\n<p style=\"text-align: center;\"><b>TALLER DE ESCRITURA SANTIAGO GIL<\/b><\/p>\n<p style=\"text-align: center;\"><b>28 de julio de 2022<\/b><\/p>\n<p><img decoding=\"async\" class=\"lazyload aligncenter wp-image-2003438\" src=\"data:image\/svg+xml,%3Csvg%20xmlns%3D%27http%3A%2F%2Fwww.w3.org%2F2000%2Fsvg%27%20width%3D%27227%27%20height%3D%27285%27%20viewBox%3D%270%200%20227%20285%27%3E%3Crect%20width%3D%27227%27%20height%3D%27285%27%20fill-opacity%3D%220%22%2F%3E%3C%2Fsvg%3E\" data-orig-src=\"https:\/\/nortegrancanaria.com\/magazin\/wp-content\/uploads\/2022\/07\/Sin-titulo-3.jpg\" alt=\"\" width=\"227\" height=\"285\"><\/p>\n<p><span style=\"font-weight: 400;\">Una vez cumplido con la cr\u00f3nica acostumbrada, a sabiendas de que, justo, a partir de hoy, nos tomaremos unas vacaciones como \u201ctodo hijo de vecino\u201d , quiero de nuevo solicitarle, otro extra David, y digo \u201cotro\u00b7, ya que el pasado jueves lo tuve contigo y con todos los oyentes, y es de justicia decir, que me result\u00f3 muy positivo, pues se demostr\u00f3 con la asistencia de muchas personas que, incluso se enteraron por primera vez a trav\u00e9s de este programa, de la existencia del acto que, anualmente celebramos en el Teatro Municipal Andamana de G\u00e1ldar, con la Lecci\u00f3n Hist\u00f3rica de este a\u00f1o, disertada con mucho \u00e9xito por don Miguel Rodr\u00edguez D\u00edaz de Quintana. As\u00ed que, en nombre de todos los miembros del \u201cInstituto Canario Rey Fernando Guanarteme\u201d, gracias, much\u00edsimas gracias.<\/span><\/p>\n<p><span style=\"font-weight: 400;\">Y este otro, si me lo permites, le vamos a denominar \u201cextra de verano\u201d, nunca mejor empleada la frase, pues se trata de los Talleres de verano 2022, de Escritura Santiago Gil,&nbsp;&nbsp;<\/span><\/p>\n<p><span style=\"font-weight: 400;\">Yo he tenido la inmensa suerte de haber asistido a los celebrados en varias ocasiones en la Casa Museo Le\u00f3n y Castillo en Telde, en la Casa Museo P\u00e9rez Gald\u00f3s en Las Palmas, y los dos \u00faltimos celebrados en La Casa de la Cultura de Gu\u00eda<\/span><\/p>\n<p><span style=\"font-weight: 400;\">Como bien se sabe, Santiago Gil Garc\u00eda, es periodista de pro, con una treintena de libros publicados.<\/span><\/p>\n<p><span style=\"font-weight: 400;\">Entre otros, es Premio Internacional de Novela Benito P\u00e9rez Gald\u00f3s.<\/span><\/p>\n<p><span style=\"font-weight: 400;\">En este a\u00f1o fue nombrado Hijo Predilecto de la Ciudad de Gu\u00eda.<\/span><\/p>\n<p><span style=\"font-weight: 400;\">Para m\u00ed, un monstruo de la literatura. Tengo la certeza de verle muy pronto, como Premio Canarias.&nbsp;<\/span><\/p>\n<p><span style=\"font-weight: 400;\">Justo en las tardes de esta semana, est\u00e1 impartiendo un taller intensivo en la Biblioteca P\u00fablica del Estado en Las Palmas que acabar\u00e1 ma\u00f1ana viernes, y, del 22 al 26 de agosto impartir\u00e1 otro entre las 10 a las 13 horas de cada d\u00eda.&nbsp;<\/span><\/p>\n<p><span style=\"font-weight: 400;\">Las inscripciones se llevan a cabo en la propia biblioteca, ignoro las plazas que puedan quedar, pero animo a los oyentes a que se informen en la propia biblioteca, para que vean, si tienen la suerte de conseguir una plaza.<\/span><\/p>\n<p><span style=\"font-weight: 400;\">Decirles que, aunque los talleres se fijan en dos horas, el tiempo se nos pasa enseguida, nos damos cuenta cuando a veces, llevamos m\u00e1s de tres. Nos hace descubrir que, en la lectura y posterior escritura, descubrimos una faceta que todos llevamos oculta y no nos atrevemos a exteriorizarla, bien por timidez, incluso por verg\u00fcenza y, cuando nos soltamos, hasta nosotros mismos nos quedamos asombrados de lo que somos capaces, lo digo por propia experiencia. Les remito a Wikipedia y se quedar\u00e1n asombrados de la personalidad que les hablo.&nbsp;<\/span><\/p>\n<p><span style=\"font-weight: 400;\">Quisiera terminar este extra haci\u00e9ndoles un regalo, y es la lectura de uno de los trabajos encargados por Santiago. Trabajos que nos hace reflexionar sobre cualquier escritor, escultor, literato, poeta, o de cualquier profesi\u00f3n. L\u00f3gicamente de los lugares donde se imparten los talleres. Y, como el taller se impart\u00eda en Gu\u00eda, nos dec\u00eda que habl\u00e1ramos del Poeta Bento, Luj\u00e1n P\u00e9rez, Paco Rivero, Can\u00f3nigo Gordillo, Manuel Gonz\u00e1lez Sosa, Braulio, etc. Nos da una pista, y hemos de realizar una reflexi\u00f3n sobre el mismo de unos dos o tres minutos.&nbsp;<\/span><\/p>\n<p><span style=\"font-weight: 400;\">Este que les leo y con \u00e9l me despido, es sobre Braulio, centrado en una de las costumbres de mi G\u00e1ldar querida. Dice as\u00ed\u2026&nbsp;<\/span><\/p>\n<p><span style=\"font-weight: 400;\">A\u00f1os sesenta. Juani, mi mujer, Juani Molina Vega, dice recodarlo en G\u00e1ldar, pasar frente a los Lavaderos de Rojas, junto a la tienda de \u201cBartolito el del Molino\u201d su padre, y mi suegro, junto al domicilio de nuestro buen amigo, Secundino Sinforiano Sosa Garc\u00eda. Lo recuerda dice, camino Gu\u00eda G\u00e1ldar y G\u00e1ldar Gu\u00eda, \u00e9l solo con su guitarra al hombro, un muchacho muy interesante.<\/span><\/p>\n<p><span style=\"font-weight: 400;\">Situ\u00e9monos ahora, en el interior de la Plaza de Santiago en G\u00e1ldar, la misma, es de formaci\u00f3n cuadrada en su exterior, pero en su interior por su pozo o fuente central, que es redonda, as\u00ed lo parece la plaza. Entre \u201cel pozo\u201d y la primera fila de frondosos laureles de india, se forma el primer c\u00edrculo o \u201cvuelta\u201d; La segunda, entre estos y los faroles situados en cada esquina de los cuatro parterres donde se encuentran las enormes araucarias; Entre los mismos y la pared del exterior, se forma la tercera.&nbsp;<\/span><\/p>\n<p><span style=\"font-weight: 400;\">En la primera daban vueltas la chiquiller\u00eda, acerc\u00e1ndose y tirando ramas de las araucarias al agua, escena que vemos hasta el d\u00eda de hoy.<\/span><\/p>\n<p><span style=\"font-weight: 400;\">En la segunda, los que buscaban novios o novias y, parejas que repet\u00edan varios domingos intent\u00e1ndolo. Los chicos, dejando la fuente hacia la izquierda y las chicas, hacia la derecha, es decir, como las agujas del reloj. Nosotros, como la cuerda del mismo. Las chicas sol\u00edan venir de tres en tres, a veces no m\u00e1s de cuatro. Las que buscaban parejas se colocaban en las orillas. Nosotros, nos acerc\u00e1bamos a aquella que nos atra\u00eda y le pregunt\u00e1bamos t\u00edmidamente: &#8211; \u00bfme dejas dar una vueltita? -, ella, si la atracci\u00f3n era compartida, lo consent\u00eda, en caso contrario se disculpaba con cualquier mentirijilla.&nbsp; Si se lograba dicha atracci\u00f3n, ya, \u201cesta operaci\u00f3n\u201d se repet\u00eda los siguientes domingos, hasta que logr\u00e1bamos desprendernos de aquella vuelta, as\u00ed como, ella, de sus amigas. Pasamos a la \u201ctercera\u201d o bien sent\u00e1ndonos en los bancos de color verde, donde nos confund\u00edan con las parejas de matrimonios a\u00fan sin hijos, pues cuando exist\u00edan estos, les eran m\u00e1s f\u00e1cil con sus carritos, pasear en el exterior de la plaza.<\/span><\/p>\n<p><span style=\"font-weight: 400;\">Recordaran tambi\u00e9n que, en Gu\u00eda, al ser cuadrada sin nada en el centro, los paseos eran pa\u2019ll\u00e1 y pa\u2019c\u00e1, como hasta hoy, y la frase utilizada era: \u00bfTe puedo acompa\u00f1ar un ratito???<\/span><\/p>\n<p><span style=\"font-weight: 400;\">Ahora ya, aqu\u00ed viene mi an\u00e9cdota con Braulio. Fue en \u201cLas Vueltas de mi Plaza en G\u00e1ldar\u201d, este es el t\u00edtulo de un trabajito que tengo pendiente de editar. Cuando a\u00fan, nuestra pareja no estaba \u201cconsolidada\u201d, es decir, a\u00fan est\u00e1bamos en la \u201csegunda vuelta\u201d, comienzo a pasear en busca de \u201cmi futura novia\u201d, la localizo, pero \u00a1oh pobre de m\u00ed! Ya estaba en la orilla con otro, ese otro, era ni m\u00e1s ni menos, que el conocido y ya famoso por aquella \u00e9poca, Braulio, aqu\u00ed no llevaba guitarra, es decir que no ven\u00eda a ning\u00fan concierto, pues con toda certeza, ven\u00eda en busca de pareja. Yo les miro, \u00c9l muy euf\u00f3rico, ella, al verme, se sonroja, pero contin\u00faan charlando, dan una vuelta, otra, otra\u2026 Yo pensaba que, no cab\u00eda la menor duda que me hab\u00eda cambiado por otro mucho m\u00e1s guapo, m\u00e1s atractivo m\u00e1s importante que yo, pues Braulio, lo era, y era muy conocido en el pueblo, por su guitarra y sus canciones de amor\u2026&nbsp;<\/span><\/p>\n<p><span style=\"font-weight: 400;\">\u00a1Por fin! Casi a la cuarta vuelta, ya estaba colocada en el centro, \u00a1se fue el \u201cimpostor\u201d !, en la quinta, pas\u00f3 a la orilla, yo, raudo como el viento, me acerco, comienzo con el interrogatorio y todo eran disculpas, aquel d\u00eda no fue muy feliz, pero ya al ver que en los siguientes domingos no aparec\u00eda \u201cel famoso\u201d me fui tranquilizando. Creo que aquel hecho consolid\u00f3 nuestro noviazgo.<\/span><\/p>\n<p><span style=\"font-weight: 400;\">En la actualidad, cuando le escuchamos cantar, en \u201cAlexa\u201d o en la televisi\u00f3n, yo le digo a mi mujer, \u00a1Lo que te perdiste Ina, lo que te perdiste! Ella, me tranquiliza dici\u00e9ndome, -No seas bobo, ser\u00e1 lo que ser\u00e1\u2026pero como t\u00fa\u2026Al paso de los a\u00f1os, cincuenta y cuatro, el pasado dos de junio, me lo creo mucho m\u00e1s. Modestia aparte.<\/span><\/p>\n<p><span style=\"font-weight: 400;\">Buenas tardes\u2026 Un cari\u00f1oso saludo y hasta la pr\u00f3xima ocasi\u00f3n. Pero, despu\u00e9s de las vacaciones\u2026 as\u00ed que, felices vacaciones para todas y para todos.<\/span><\/p>\n<!--[if lt IE 9]><script>document.createElement('audio');<\/script><![endif]-->\n<audio class=\"wp-audio-shortcode\" id=\"audio-66618-1\" preload=\"none\" style=\"width: 100%;\" controls=\"controls\"><source type=\"audio\/mpeg\" src=\"http:\/\/angelruizquesada.com\/borges\/wp-content\/uploads\/2022\/07\/dia%2028.mp3?_=1\" \/><a href=\"http:\/\/angelruizquesada.com\/borges\/wp-content\/uploads\/2022\/07\/dia%2028.mp3\">http:\/\/angelruizquesada.com\/borges\/wp-content\/uploads\/2022\/07\/dia%2028.mp3<\/a><\/audio>\n<\/div><\/div><style type=\"text\/css\">.fusion-body .fusion-builder-column-0{width:100% !important;margin-top : 0px;margin-bottom : 0px;}.fusion-builder-column-0 > .fusion-column-wrapper {padding-top : 0px !important;padding-right : 0px !important;margin-right : 1.92%;padding-bottom : 0px !important;padding-left : 0px !important;margin-left : 1.92%;}@media only screen and (max-width:1024px) {.fusion-body .fusion-builder-column-0{width:100% !important;}.fusion-builder-column-0 > .fusion-column-wrapper {margin-right : 1.92%;margin-left : 1.92%;}}@media only screen and (max-width:640px) {.fusion-body .fusion-builder-column-0{width:100% !important;}.fusion-builder-column-0 > .fusion-column-wrapper {margin-right : 1.92%;margin-left : 1.92%;}}<\/style><\/div><\/div><style type=\"text\/css\">.fusion-body .fusion-flex-container.fusion-builder-row-1{ padding-top : 4%;margin-top : 0px;padding-right : 10%;padding-bottom : 4%;margin-bottom : 0px;padding-left : 10%;}<\/style><\/div><\/p>\n","protected":false},"excerpt":{"rendered":"","protected":false},"author":1,"featured_media":66619,"comment_status":"open","ping_status":"open","sticky":false,"template":"","format":"standard","meta":{"ngg_post_thumbnail":0,"footnotes":""},"categories":[146],"tags":[],"class_list":["post-66618","post","type-post","status-publish","format-standard","has-post-thumbnail","hentry","category-radio-faycan-2022"],"acf":[],"yoast_head":"<!-- This site is optimized with the Yoast SEO plugin v24.1 - https:\/\/yoast.com\/wordpress\/plugins\/seo\/ -->\n<title>Visita mi pueblo 4\u00aa Parte, Monumento a las Guayarminas de Juan Borges Linares 40 Aniversario (1982-2022) - El Rinconcito de Mis Cositas<\/title>\n<meta name=\"robots\" content=\"index, follow, max-snippet:-1, max-image-preview:large, max-video-preview:-1\" \/>\n<link rel=\"canonical\" href=\"https:\/\/angelruizquesada.com\/borges\/visita-mi-pueblo-4a-parte-monumento-a-las-guayarminas-de-juan-borges-linares-40-aniversario-1982-2022\/\" \/>\n<meta property=\"og:locale\" content=\"es_ES\" \/>\n<meta property=\"og:type\" content=\"article\" \/>\n<meta property=\"og:title\" content=\"Visita mi pueblo 4\u00aa Parte, Monumento a las Guayarminas de Juan Borges Linares 40 Aniversario (1982-2022) - El Rinconcito de Mis Cositas\" \/>\n<meta property=\"og:url\" content=\"https:\/\/angelruizquesada.com\/borges\/visita-mi-pueblo-4a-parte-monumento-a-las-guayarminas-de-juan-borges-linares-40-aniversario-1982-2022\/\" \/>\n<meta property=\"og:site_name\" content=\"El Rinconcito de Mis Cositas\" \/>\n<meta property=\"article:published_time\" content=\"2022-07-30T16:40:33+00:00\" \/>\n<meta property=\"article:modified_time\" content=\"2022-07-31T06:26:38+00:00\" \/>\n<meta property=\"og:image\" content=\"https:\/\/angelruizquesada.com\/borges\/wp-content\/uploads\/2022\/07\/Borjes-2oEdicion_page98_image5.jpg\" \/>\n\t<meta property=\"og:image:width\" content=\"1992\" \/>\n\t<meta property=\"og:image:height\" content=\"1992\" \/>\n\t<meta property=\"og:image:type\" content=\"image\/jpeg\" \/>\n<meta name=\"author\" content=\"Mi rinconcito\" \/>\n<meta name=\"twitter:card\" content=\"summary_large_image\" \/>\n<meta name=\"twitter:label1\" content=\"Escrito por\" \/>\n\t<meta name=\"twitter:data1\" content=\"Mi rinconcito\" \/>\n\t<meta name=\"twitter:label2\" content=\"Tiempo de lectura\" \/>\n\t<meta name=\"twitter:data2\" content=\"12 minutos\" \/>\n<script type=\"application\/ld+json\" class=\"yoast-schema-graph\">{\"@context\":\"https:\/\/schema.org\",\"@graph\":[{\"@type\":\"WebPage\",\"@id\":\"https:\/\/angelruizquesada.com\/borges\/visita-mi-pueblo-4a-parte-monumento-a-las-guayarminas-de-juan-borges-linares-40-aniversario-1982-2022\/\",\"url\":\"https:\/\/angelruizquesada.com\/borges\/visita-mi-pueblo-4a-parte-monumento-a-las-guayarminas-de-juan-borges-linares-40-aniversario-1982-2022\/\",\"name\":\"Visita mi pueblo 4\u00aa Parte, Monumento a las Guayarminas de Juan Borges Linares 40 Aniversario (1982-2022) - El Rinconcito de Mis Cositas\",\"isPartOf\":{\"@id\":\"https:\/\/angelruizquesada.com\/borges\/#website\"},\"primaryImageOfPage\":{\"@id\":\"https:\/\/angelruizquesada.com\/borges\/visita-mi-pueblo-4a-parte-monumento-a-las-guayarminas-de-juan-borges-linares-40-aniversario-1982-2022\/#primaryimage\"},\"image\":{\"@id\":\"https:\/\/angelruizquesada.com\/borges\/visita-mi-pueblo-4a-parte-monumento-a-las-guayarminas-de-juan-borges-linares-40-aniversario-1982-2022\/#primaryimage\"},\"thumbnailUrl\":\"https:\/\/angelruizquesada.com\/borges\/wp-content\/uploads\/2022\/07\/Borjes-2oEdicion_page98_image5.jpg\",\"datePublished\":\"2022-07-30T16:40:33+00:00\",\"dateModified\":\"2022-07-31T06:26:38+00:00\",\"author\":{\"@id\":\"https:\/\/angelruizquesada.com\/borges\/#\/schema\/person\/bed8ed0e1b0a82dd9c1ca872a1849130\"},\"breadcrumb\":{\"@id\":\"https:\/\/angelruizquesada.com\/borges\/visita-mi-pueblo-4a-parte-monumento-a-las-guayarminas-de-juan-borges-linares-40-aniversario-1982-2022\/#breadcrumb\"},\"inLanguage\":\"es\",\"potentialAction\":[{\"@type\":\"ReadAction\",\"target\":[\"https:\/\/angelruizquesada.com\/borges\/visita-mi-pueblo-4a-parte-monumento-a-las-guayarminas-de-juan-borges-linares-40-aniversario-1982-2022\/\"]}]},{\"@type\":\"ImageObject\",\"inLanguage\":\"es\",\"@id\":\"https:\/\/angelruizquesada.com\/borges\/visita-mi-pueblo-4a-parte-monumento-a-las-guayarminas-de-juan-borges-linares-40-aniversario-1982-2022\/#primaryimage\",\"url\":\"https:\/\/angelruizquesada.com\/borges\/wp-content\/uploads\/2022\/07\/Borjes-2oEdicion_page98_image5.jpg\",\"contentUrl\":\"https:\/\/angelruizquesada.com\/borges\/wp-content\/uploads\/2022\/07\/Borjes-2oEdicion_page98_image5.jpg\",\"width\":1992,\"height\":1992},{\"@type\":\"BreadcrumbList\",\"@id\":\"https:\/\/angelruizquesada.com\/borges\/visita-mi-pueblo-4a-parte-monumento-a-las-guayarminas-de-juan-borges-linares-40-aniversario-1982-2022\/#breadcrumb\",\"itemListElement\":[{\"@type\":\"ListItem\",\"position\":1,\"name\":\"Portada\",\"item\":\"https:\/\/angelruizquesada.com\/borges\/\"},{\"@type\":\"ListItem\",\"position\":2,\"name\":\"Visita mi pueblo 4\u00aa Parte, Monumento a las Guayarminas de Juan Borges Linares 40 Aniversario (1982-2022)\"}]},{\"@type\":\"WebSite\",\"@id\":\"https:\/\/angelruizquesada.com\/borges\/#website\",\"url\":\"https:\/\/angelruizquesada.com\/borges\/\",\"name\":\"El Rinconcito de Mis Cositas\",\"description\":\"Historia y Pol\u00edtica Social por \u00c1ngel Ruiz Quesada\",\"potentialAction\":[{\"@type\":\"SearchAction\",\"target\":{\"@type\":\"EntryPoint\",\"urlTemplate\":\"https:\/\/angelruizquesada.com\/borges\/?s={search_term_string}\"},\"query-input\":{\"@type\":\"PropertyValueSpecification\",\"valueRequired\":true,\"valueName\":\"search_term_string\"}}],\"inLanguage\":\"es\"},{\"@type\":\"Person\",\"@id\":\"https:\/\/angelruizquesada.com\/borges\/#\/schema\/person\/bed8ed0e1b0a82dd9c1ca872a1849130\",\"name\":\"Mi rinconcito\",\"image\":{\"@type\":\"ImageObject\",\"inLanguage\":\"es\",\"@id\":\"https:\/\/angelruizquesada.com\/borges\/#\/schema\/person\/image\/\",\"url\":\"https:\/\/secure.gravatar.com\/avatar\/fcdd16c55ef4043a344a51916d19857c?s=96&d=mm&r=g\",\"contentUrl\":\"https:\/\/secure.gravatar.com\/avatar\/fcdd16c55ef4043a344a51916d19857c?s=96&d=mm&r=g\",\"caption\":\"Mi rinconcito\"},\"sameAs\":[\"https:\/\/angelruizquesada.com\"],\"url\":\"https:\/\/angelruizquesada.com\/borges\/author\/borges\/\"}]}<\/script>\n<!-- \/ Yoast SEO plugin. -->","yoast_head_json":{"title":"Visita mi pueblo 4\u00aa Parte, Monumento a las Guayarminas de Juan Borges Linares 40 Aniversario (1982-2022) - El Rinconcito de Mis Cositas","robots":{"index":"index","follow":"follow","max-snippet":"max-snippet:-1","max-image-preview":"max-image-preview:large","max-video-preview":"max-video-preview:-1"},"canonical":"https:\/\/angelruizquesada.com\/borges\/visita-mi-pueblo-4a-parte-monumento-a-las-guayarminas-de-juan-borges-linares-40-aniversario-1982-2022\/","og_locale":"es_ES","og_type":"article","og_title":"Visita mi pueblo 4\u00aa Parte, Monumento a las Guayarminas de Juan Borges Linares 40 Aniversario (1982-2022) - El Rinconcito de Mis Cositas","og_url":"https:\/\/angelruizquesada.com\/borges\/visita-mi-pueblo-4a-parte-monumento-a-las-guayarminas-de-juan-borges-linares-40-aniversario-1982-2022\/","og_site_name":"El Rinconcito de Mis Cositas","article_published_time":"2022-07-30T16:40:33+00:00","article_modified_time":"2022-07-31T06:26:38+00:00","og_image":[{"width":1992,"height":1992,"url":"https:\/\/angelruizquesada.com\/borges\/wp-content\/uploads\/2022\/07\/Borjes-2oEdicion_page98_image5.jpg","type":"image\/jpeg"}],"author":"Mi rinconcito","twitter_card":"summary_large_image","twitter_misc":{"Escrito por":"Mi rinconcito","Tiempo de lectura":"12 minutos"},"schema":{"@context":"https:\/\/schema.org","@graph":[{"@type":"WebPage","@id":"https:\/\/angelruizquesada.com\/borges\/visita-mi-pueblo-4a-parte-monumento-a-las-guayarminas-de-juan-borges-linares-40-aniversario-1982-2022\/","url":"https:\/\/angelruizquesada.com\/borges\/visita-mi-pueblo-4a-parte-monumento-a-las-guayarminas-de-juan-borges-linares-40-aniversario-1982-2022\/","name":"Visita mi pueblo 4\u00aa Parte, Monumento a las Guayarminas de Juan Borges Linares 40 Aniversario (1982-2022) - El Rinconcito de Mis Cositas","isPartOf":{"@id":"https:\/\/angelruizquesada.com\/borges\/#website"},"primaryImageOfPage":{"@id":"https:\/\/angelruizquesada.com\/borges\/visita-mi-pueblo-4a-parte-monumento-a-las-guayarminas-de-juan-borges-linares-40-aniversario-1982-2022\/#primaryimage"},"image":{"@id":"https:\/\/angelruizquesada.com\/borges\/visita-mi-pueblo-4a-parte-monumento-a-las-guayarminas-de-juan-borges-linares-40-aniversario-1982-2022\/#primaryimage"},"thumbnailUrl":"https:\/\/angelruizquesada.com\/borges\/wp-content\/uploads\/2022\/07\/Borjes-2oEdicion_page98_image5.jpg","datePublished":"2022-07-30T16:40:33+00:00","dateModified":"2022-07-31T06:26:38+00:00","author":{"@id":"https:\/\/angelruizquesada.com\/borges\/#\/schema\/person\/bed8ed0e1b0a82dd9c1ca872a1849130"},"breadcrumb":{"@id":"https:\/\/angelruizquesada.com\/borges\/visita-mi-pueblo-4a-parte-monumento-a-las-guayarminas-de-juan-borges-linares-40-aniversario-1982-2022\/#breadcrumb"},"inLanguage":"es","potentialAction":[{"@type":"ReadAction","target":["https:\/\/angelruizquesada.com\/borges\/visita-mi-pueblo-4a-parte-monumento-a-las-guayarminas-de-juan-borges-linares-40-aniversario-1982-2022\/"]}]},{"@type":"ImageObject","inLanguage":"es","@id":"https:\/\/angelruizquesada.com\/borges\/visita-mi-pueblo-4a-parte-monumento-a-las-guayarminas-de-juan-borges-linares-40-aniversario-1982-2022\/#primaryimage","url":"https:\/\/angelruizquesada.com\/borges\/wp-content\/uploads\/2022\/07\/Borjes-2oEdicion_page98_image5.jpg","contentUrl":"https:\/\/angelruizquesada.com\/borges\/wp-content\/uploads\/2022\/07\/Borjes-2oEdicion_page98_image5.jpg","width":1992,"height":1992},{"@type":"BreadcrumbList","@id":"https:\/\/angelruizquesada.com\/borges\/visita-mi-pueblo-4a-parte-monumento-a-las-guayarminas-de-juan-borges-linares-40-aniversario-1982-2022\/#breadcrumb","itemListElement":[{"@type":"ListItem","position":1,"name":"Portada","item":"https:\/\/angelruizquesada.com\/borges\/"},{"@type":"ListItem","position":2,"name":"Visita mi pueblo 4\u00aa Parte, Monumento a las Guayarminas de Juan Borges Linares 40 Aniversario (1982-2022)"}]},{"@type":"WebSite","@id":"https:\/\/angelruizquesada.com\/borges\/#website","url":"https:\/\/angelruizquesada.com\/borges\/","name":"El Rinconcito de Mis Cositas","description":"Historia y Pol\u00edtica Social por \u00c1ngel Ruiz Quesada","potentialAction":[{"@type":"SearchAction","target":{"@type":"EntryPoint","urlTemplate":"https:\/\/angelruizquesada.com\/borges\/?s={search_term_string}"},"query-input":{"@type":"PropertyValueSpecification","valueRequired":true,"valueName":"search_term_string"}}],"inLanguage":"es"},{"@type":"Person","@id":"https:\/\/angelruizquesada.com\/borges\/#\/schema\/person\/bed8ed0e1b0a82dd9c1ca872a1849130","name":"Mi rinconcito","image":{"@type":"ImageObject","inLanguage":"es","@id":"https:\/\/angelruizquesada.com\/borges\/#\/schema\/person\/image\/","url":"https:\/\/secure.gravatar.com\/avatar\/fcdd16c55ef4043a344a51916d19857c?s=96&d=mm&r=g","contentUrl":"https:\/\/secure.gravatar.com\/avatar\/fcdd16c55ef4043a344a51916d19857c?s=96&d=mm&r=g","caption":"Mi rinconcito"},"sameAs":["https:\/\/angelruizquesada.com"],"url":"https:\/\/angelruizquesada.com\/borges\/author\/borges\/"}]}},"_links":{"self":[{"href":"https:\/\/angelruizquesada.com\/borges\/wp-json\/wp\/v2\/posts\/66618","targetHints":{"allow":["GET"]}}],"collection":[{"href":"https:\/\/angelruizquesada.com\/borges\/wp-json\/wp\/v2\/posts"}],"about":[{"href":"https:\/\/angelruizquesada.com\/borges\/wp-json\/wp\/v2\/types\/post"}],"author":[{"embeddable":true,"href":"https:\/\/angelruizquesada.com\/borges\/wp-json\/wp\/v2\/users\/1"}],"replies":[{"embeddable":true,"href":"https:\/\/angelruizquesada.com\/borges\/wp-json\/wp\/v2\/comments?post=66618"}],"version-history":[{"count":4,"href":"https:\/\/angelruizquesada.com\/borges\/wp-json\/wp\/v2\/posts\/66618\/revisions"}],"predecessor-version":[{"id":66623,"href":"https:\/\/angelruizquesada.com\/borges\/wp-json\/wp\/v2\/posts\/66618\/revisions\/66623"}],"wp:featuredmedia":[{"embeddable":true,"href":"https:\/\/angelruizquesada.com\/borges\/wp-json\/wp\/v2\/media\/66619"}],"wp:attachment":[{"href":"https:\/\/angelruizquesada.com\/borges\/wp-json\/wp\/v2\/media?parent=66618"}],"wp:term":[{"taxonomy":"category","embeddable":true,"href":"https:\/\/angelruizquesada.com\/borges\/wp-json\/wp\/v2\/categories?post=66618"},{"taxonomy":"post_tag","embeddable":true,"href":"https:\/\/angelruizquesada.com\/borges\/wp-json\/wp\/v2\/tags?post=66618"}],"curies":[{"name":"wp","href":"https:\/\/api.w.org\/{rel}","templated":true}]}}