{"id":66614,"date":"2022-07-25T13:56:20","date_gmt":"2022-07-25T12:56:20","guid":{"rendered":"https:\/\/angelruizquesada.com\/?p=66614"},"modified":"2022-07-25T13:56:20","modified_gmt":"2022-07-25T12:56:20","slug":"los-testamentos-de-los-indigenas-protagonizan-el-capitulo-extraordinario-del-instituto-canario-rey-fernando-guanarteme","status":"publish","type":"post","link":"https:\/\/angelruizquesada.com\/borges\/los-testamentos-de-los-indigenas-protagonizan-el-capitulo-extraordinario-del-instituto-canario-rey-fernando-guanarteme\/","title":{"rendered":"Los testamentos de los ind\u00edgenas protagonizan el cap\u00edtulo extraordinario del Instituto Canario Rey Fernando Guanarteme"},"content":{"rendered":"<p class=\"dropcap-first\">La lectura hist\u00f3rica sobre \u2018Las fascinantes testamentarias de los isle\u00f1os\u2019 fue la protagonista del cap\u00edtulo extraordinario del Instituto Canario Rey Fernando Guanarteme celebrado en las Fiestas Mayores de Santiago de 2022.<\/p>\n<p>El evento, que se cerr\u00f3 con la tradicional ofrenda floral al \u00faltimo rey de los Guanartemes en la Plaza de los Heredamientos, fue conducido por el cronista oficial de la ciudad, Juan Sebasti\u00e1n L\u00f3pez, que dio paso al ponente de esta edici\u00f3n: Miguel Rodr\u00edguez D\u00edaz de Quintana.<\/p>\n<p>La idea del autor procede de la aparici\u00f3n hace apenas dos a\u00f1os en Tenerife de unas publicaciones antiguas que hac\u00edan referencia a los testamentos de los ind\u00edgenas, hasta unos 350, y la mayor\u00eda de ellos vinculados a la familia real de G\u00e1ldar. D\u00edaz de Quintana cont\u00f3 numerosas curiosidades sobre esta nueva informaci\u00f3n acerca de la \u00e9poca de la Conquista y al modo de vida de los abor\u00edgenes. Mientras, Teodoro Sosa, alcalde la ciudad, agradeci\u00f3 la asistencia un a\u00f1o m\u00e1s a los representantes del Instituto, que tiene la medalla de oro del municipio.<\/p>\n<p><strong> \u201cEs una de las citas imprescindibles cada a\u00f1o de la programaci\u00f3n de las Fiestas Mayores de Santiago\u201d<\/strong>, asegur\u00f3 el primer edil, que felicit\u00f3 a Miguel Rodr\u00edguez D\u00edaz de Quintana <strong>\u201cpor su extraordinaria intervenci\u00f3n, que aporta luz y conocimiento a una \u00e9poca que sigue &nbsp;muy viva y muy latente en nuestra ciudad, en una G\u00e1ldar que siente y presume de su pasado aborigen y que mantiene con orgullo el legado de haber sido primera capital de la Isla y cuna de Guanartemes\u201d<\/strong>.<\/p>\n","protected":false},"excerpt":{"rendered":"<p>La lectura hist\u00f3rica sobre \u2018Las fascinantes testamentarias de los isle\u00f1os\u2019 [&hellip;]<\/p>\n","protected":false},"author":1,"featured_media":66580,"comment_status":"open","ping_status":"open","sticky":false,"template":"","format":"standard","meta":{"ngg_post_thumbnail":0,"footnotes":""},"categories":[144],"tags":[],"class_list":["post-66614","post","type-post","status-publish","format-standard","has-post-thumbnail","hentry","category-rey-fernando-guanarteme"],"acf":[],"yoast_head":"<!-- This site is optimized with the Yoast SEO plugin v24.1 - https:\/\/yoast.com\/wordpress\/plugins\/seo\/ -->\n<title>Los testamentos de los ind\u00edgenas protagonizan el cap\u00edtulo extraordinario del Instituto Canario Rey Fernando Guanarteme - El Rinconcito de Mis Cositas<\/title>\n<meta name=\"robots\" content=\"index, follow, max-snippet:-1, max-image-preview:large, max-video-preview:-1\" \/>\n<link rel=\"canonical\" href=\"https:\/\/angelruizquesada.com\/borges\/los-testamentos-de-los-indigenas-protagonizan-el-capitulo-extraordinario-del-instituto-canario-rey-fernando-guanarteme\/\" \/>\n<meta property=\"og:locale\" content=\"es_ES\" \/>\n<meta property=\"og:type\" content=\"article\" \/>\n<meta property=\"og:title\" content=\"Los testamentos de los ind\u00edgenas protagonizan el cap\u00edtulo extraordinario del Instituto Canario Rey Fernando Guanarteme - El Rinconcito de Mis Cositas\" \/>\n<meta property=\"og:description\" content=\"La lectura hist\u00f3rica sobre \u2018Las fascinantes testamentarias de los isle\u00f1os\u2019 [&hellip;]\" \/>\n<meta property=\"og:url\" content=\"https:\/\/angelruizquesada.com\/borges\/los-testamentos-de-los-indigenas-protagonizan-el-capitulo-extraordinario-del-instituto-canario-rey-fernando-guanarteme\/\" \/>\n<meta property=\"og:site_name\" content=\"El Rinconcito de Mis Cositas\" \/>\n<meta property=\"article:published_time\" content=\"2022-07-25T12:56:20+00:00\" \/>\n<meta property=\"og:image\" content=\"https:\/\/angelruizquesada.com\/borges\/wp-content\/uploads\/2022\/07\/DSC_1653.jpg\" \/>\n\t<meta property=\"og:image:width\" content=\"1200\" \/>\n\t<meta property=\"og:image:height\" content=\"800\" \/>\n\t<meta property=\"og:image:type\" content=\"image\/jpeg\" \/>\n<meta name=\"author\" content=\"Mi rinconcito\" \/>\n<meta name=\"twitter:card\" content=\"summary_large_image\" \/>\n<meta name=\"twitter:label1\" content=\"Escrito por\" \/>\n\t<meta name=\"twitter:data1\" content=\"Mi rinconcito\" \/>\n\t<meta name=\"twitter:label2\" content=\"Tiempo de lectura\" \/>\n\t<meta name=\"twitter:data2\" content=\"2 minutos\" \/>\n<script type=\"application\/ld+json\" class=\"yoast-schema-graph\">{\"@context\":\"https:\/\/schema.org\",\"@graph\":[{\"@type\":\"WebPage\",\"@id\":\"https:\/\/angelruizquesada.com\/borges\/los-testamentos-de-los-indigenas-protagonizan-el-capitulo-extraordinario-del-instituto-canario-rey-fernando-guanarteme\/\",\"url\":\"https:\/\/angelruizquesada.com\/borges\/los-testamentos-de-los-indigenas-protagonizan-el-capitulo-extraordinario-del-instituto-canario-rey-fernando-guanarteme\/\",\"name\":\"Los testamentos de los ind\u00edgenas protagonizan el cap\u00edtulo extraordinario del Instituto Canario Rey Fernando Guanarteme - El Rinconcito de Mis Cositas\",\"isPartOf\":{\"@id\":\"https:\/\/angelruizquesada.com\/borges\/#website\"},\"primaryImageOfPage\":{\"@id\":\"https:\/\/angelruizquesada.com\/borges\/los-testamentos-de-los-indigenas-protagonizan-el-capitulo-extraordinario-del-instituto-canario-rey-fernando-guanarteme\/#primaryimage\"},\"image\":{\"@id\":\"https:\/\/angelruizquesada.com\/borges\/los-testamentos-de-los-indigenas-protagonizan-el-capitulo-extraordinario-del-instituto-canario-rey-fernando-guanarteme\/#primaryimage\"},\"thumbnailUrl\":\"https:\/\/angelruizquesada.com\/borges\/wp-content\/uploads\/2022\/07\/DSC_1653.jpg\",\"datePublished\":\"2022-07-25T12:56:20+00:00\",\"dateModified\":\"2022-07-25T12:56:20+00:00\",\"author\":{\"@id\":\"https:\/\/angelruizquesada.com\/borges\/#\/schema\/person\/bed8ed0e1b0a82dd9c1ca872a1849130\"},\"breadcrumb\":{\"@id\":\"https:\/\/angelruizquesada.com\/borges\/los-testamentos-de-los-indigenas-protagonizan-el-capitulo-extraordinario-del-instituto-canario-rey-fernando-guanarteme\/#breadcrumb\"},\"inLanguage\":\"es\",\"potentialAction\":[{\"@type\":\"ReadAction\",\"target\":[\"https:\/\/angelruizquesada.com\/borges\/los-testamentos-de-los-indigenas-protagonizan-el-capitulo-extraordinario-del-instituto-canario-rey-fernando-guanarteme\/\"]}]},{\"@type\":\"ImageObject\",\"inLanguage\":\"es\",\"@id\":\"https:\/\/angelruizquesada.com\/borges\/los-testamentos-de-los-indigenas-protagonizan-el-capitulo-extraordinario-del-instituto-canario-rey-fernando-guanarteme\/#primaryimage\",\"url\":\"https:\/\/angelruizquesada.com\/borges\/wp-content\/uploads\/2022\/07\/DSC_1653.jpg\",\"contentUrl\":\"https:\/\/angelruizquesada.com\/borges\/wp-content\/uploads\/2022\/07\/DSC_1653.jpg\",\"width\":1200,\"height\":800},{\"@type\":\"BreadcrumbList\",\"@id\":\"https:\/\/angelruizquesada.com\/borges\/los-testamentos-de-los-indigenas-protagonizan-el-capitulo-extraordinario-del-instituto-canario-rey-fernando-guanarteme\/#breadcrumb\",\"itemListElement\":[{\"@type\":\"ListItem\",\"position\":1,\"name\":\"Portada\",\"item\":\"https:\/\/angelruizquesada.com\/borges\/\"},{\"@type\":\"ListItem\",\"position\":2,\"name\":\"Los testamentos de los ind\u00edgenas protagonizan el cap\u00edtulo extraordinario del Instituto Canario Rey Fernando Guanarteme\"}]},{\"@type\":\"WebSite\",\"@id\":\"https:\/\/angelruizquesada.com\/borges\/#website\",\"url\":\"https:\/\/angelruizquesada.com\/borges\/\",\"name\":\"El Rinconcito de Mis Cositas\",\"description\":\"Historia y Pol\u00edtica Social por \u00c1ngel Ruiz Quesada\",\"potentialAction\":[{\"@type\":\"SearchAction\",\"target\":{\"@type\":\"EntryPoint\",\"urlTemplate\":\"https:\/\/angelruizquesada.com\/borges\/?s={search_term_string}\"},\"query-input\":{\"@type\":\"PropertyValueSpecification\",\"valueRequired\":true,\"valueName\":\"search_term_string\"}}],\"inLanguage\":\"es\"},{\"@type\":\"Person\",\"@id\":\"https:\/\/angelruizquesada.com\/borges\/#\/schema\/person\/bed8ed0e1b0a82dd9c1ca872a1849130\",\"name\":\"Mi rinconcito\",\"image\":{\"@type\":\"ImageObject\",\"inLanguage\":\"es\",\"@id\":\"https:\/\/angelruizquesada.com\/borges\/#\/schema\/person\/image\/\",\"url\":\"https:\/\/secure.gravatar.com\/avatar\/fcdd16c55ef4043a344a51916d19857c?s=96&d=mm&r=g\",\"contentUrl\":\"https:\/\/secure.gravatar.com\/avatar\/fcdd16c55ef4043a344a51916d19857c?s=96&d=mm&r=g\",\"caption\":\"Mi rinconcito\"},\"sameAs\":[\"https:\/\/angelruizquesada.com\"],\"url\":\"https:\/\/angelruizquesada.com\/borges\/author\/borges\/\"}]}<\/script>\n<!-- \/ Yoast SEO plugin. -->","yoast_head_json":{"title":"Los testamentos de los ind\u00edgenas protagonizan el cap\u00edtulo extraordinario del Instituto Canario Rey Fernando Guanarteme - El Rinconcito de Mis Cositas","robots":{"index":"index","follow":"follow","max-snippet":"max-snippet:-1","max-image-preview":"max-image-preview:large","max-video-preview":"max-video-preview:-1"},"canonical":"https:\/\/angelruizquesada.com\/borges\/los-testamentos-de-los-indigenas-protagonizan-el-capitulo-extraordinario-del-instituto-canario-rey-fernando-guanarteme\/","og_locale":"es_ES","og_type":"article","og_title":"Los testamentos de los ind\u00edgenas protagonizan el cap\u00edtulo extraordinario del Instituto Canario Rey Fernando Guanarteme - El Rinconcito de Mis Cositas","og_description":"La lectura hist\u00f3rica sobre \u2018Las fascinantes testamentarias de los isle\u00f1os\u2019 [&hellip;]","og_url":"https:\/\/angelruizquesada.com\/borges\/los-testamentos-de-los-indigenas-protagonizan-el-capitulo-extraordinario-del-instituto-canario-rey-fernando-guanarteme\/","og_site_name":"El Rinconcito de Mis Cositas","article_published_time":"2022-07-25T12:56:20+00:00","og_image":[{"width":1200,"height":800,"url":"https:\/\/angelruizquesada.com\/borges\/wp-content\/uploads\/2022\/07\/DSC_1653.jpg","type":"image\/jpeg"}],"author":"Mi rinconcito","twitter_card":"summary_large_image","twitter_misc":{"Escrito por":"Mi rinconcito","Tiempo de lectura":"2 minutos"},"schema":{"@context":"https:\/\/schema.org","@graph":[{"@type":"WebPage","@id":"https:\/\/angelruizquesada.com\/borges\/los-testamentos-de-los-indigenas-protagonizan-el-capitulo-extraordinario-del-instituto-canario-rey-fernando-guanarteme\/","url":"https:\/\/angelruizquesada.com\/borges\/los-testamentos-de-los-indigenas-protagonizan-el-capitulo-extraordinario-del-instituto-canario-rey-fernando-guanarteme\/","name":"Los testamentos de los ind\u00edgenas protagonizan el cap\u00edtulo extraordinario del Instituto Canario Rey Fernando Guanarteme - El Rinconcito de Mis Cositas","isPartOf":{"@id":"https:\/\/angelruizquesada.com\/borges\/#website"},"primaryImageOfPage":{"@id":"https:\/\/angelruizquesada.com\/borges\/los-testamentos-de-los-indigenas-protagonizan-el-capitulo-extraordinario-del-instituto-canario-rey-fernando-guanarteme\/#primaryimage"},"image":{"@id":"https:\/\/angelruizquesada.com\/borges\/los-testamentos-de-los-indigenas-protagonizan-el-capitulo-extraordinario-del-instituto-canario-rey-fernando-guanarteme\/#primaryimage"},"thumbnailUrl":"https:\/\/angelruizquesada.com\/borges\/wp-content\/uploads\/2022\/07\/DSC_1653.jpg","datePublished":"2022-07-25T12:56:20+00:00","dateModified":"2022-07-25T12:56:20+00:00","author":{"@id":"https:\/\/angelruizquesada.com\/borges\/#\/schema\/person\/bed8ed0e1b0a82dd9c1ca872a1849130"},"breadcrumb":{"@id":"https:\/\/angelruizquesada.com\/borges\/los-testamentos-de-los-indigenas-protagonizan-el-capitulo-extraordinario-del-instituto-canario-rey-fernando-guanarteme\/#breadcrumb"},"inLanguage":"es","potentialAction":[{"@type":"ReadAction","target":["https:\/\/angelruizquesada.com\/borges\/los-testamentos-de-los-indigenas-protagonizan-el-capitulo-extraordinario-del-instituto-canario-rey-fernando-guanarteme\/"]}]},{"@type":"ImageObject","inLanguage":"es","@id":"https:\/\/angelruizquesada.com\/borges\/los-testamentos-de-los-indigenas-protagonizan-el-capitulo-extraordinario-del-instituto-canario-rey-fernando-guanarteme\/#primaryimage","url":"https:\/\/angelruizquesada.com\/borges\/wp-content\/uploads\/2022\/07\/DSC_1653.jpg","contentUrl":"https:\/\/angelruizquesada.com\/borges\/wp-content\/uploads\/2022\/07\/DSC_1653.jpg","width":1200,"height":800},{"@type":"BreadcrumbList","@id":"https:\/\/angelruizquesada.com\/borges\/los-testamentos-de-los-indigenas-protagonizan-el-capitulo-extraordinario-del-instituto-canario-rey-fernando-guanarteme\/#breadcrumb","itemListElement":[{"@type":"ListItem","position":1,"name":"Portada","item":"https:\/\/angelruizquesada.com\/borges\/"},{"@type":"ListItem","position":2,"name":"Los testamentos de los ind\u00edgenas protagonizan el cap\u00edtulo extraordinario del Instituto Canario Rey Fernando Guanarteme"}]},{"@type":"WebSite","@id":"https:\/\/angelruizquesada.com\/borges\/#website","url":"https:\/\/angelruizquesada.com\/borges\/","name":"El Rinconcito de Mis Cositas","description":"Historia y Pol\u00edtica Social por \u00c1ngel Ruiz Quesada","potentialAction":[{"@type":"SearchAction","target":{"@type":"EntryPoint","urlTemplate":"https:\/\/angelruizquesada.com\/borges\/?s={search_term_string}"},"query-input":{"@type":"PropertyValueSpecification","valueRequired":true,"valueName":"search_term_string"}}],"inLanguage":"es"},{"@type":"Person","@id":"https:\/\/angelruizquesada.com\/borges\/#\/schema\/person\/bed8ed0e1b0a82dd9c1ca872a1849130","name":"Mi rinconcito","image":{"@type":"ImageObject","inLanguage":"es","@id":"https:\/\/angelruizquesada.com\/borges\/#\/schema\/person\/image\/","url":"https:\/\/secure.gravatar.com\/avatar\/fcdd16c55ef4043a344a51916d19857c?s=96&d=mm&r=g","contentUrl":"https:\/\/secure.gravatar.com\/avatar\/fcdd16c55ef4043a344a51916d19857c?s=96&d=mm&r=g","caption":"Mi rinconcito"},"sameAs":["https:\/\/angelruizquesada.com"],"url":"https:\/\/angelruizquesada.com\/borges\/author\/borges\/"}]}},"_links":{"self":[{"href":"https:\/\/angelruizquesada.com\/borges\/wp-json\/wp\/v2\/posts\/66614","targetHints":{"allow":["GET"]}}],"collection":[{"href":"https:\/\/angelruizquesada.com\/borges\/wp-json\/wp\/v2\/posts"}],"about":[{"href":"https:\/\/angelruizquesada.com\/borges\/wp-json\/wp\/v2\/types\/post"}],"author":[{"embeddable":true,"href":"https:\/\/angelruizquesada.com\/borges\/wp-json\/wp\/v2\/users\/1"}],"replies":[{"embeddable":true,"href":"https:\/\/angelruizquesada.com\/borges\/wp-json\/wp\/v2\/comments?post=66614"}],"version-history":[{"count":1,"href":"https:\/\/angelruizquesada.com\/borges\/wp-json\/wp\/v2\/posts\/66614\/revisions"}],"predecessor-version":[{"id":66615,"href":"https:\/\/angelruizquesada.com\/borges\/wp-json\/wp\/v2\/posts\/66614\/revisions\/66615"}],"wp:featuredmedia":[{"embeddable":true,"href":"https:\/\/angelruizquesada.com\/borges\/wp-json\/wp\/v2\/media\/66580"}],"wp:attachment":[{"href":"https:\/\/angelruizquesada.com\/borges\/wp-json\/wp\/v2\/media?parent=66614"}],"wp:term":[{"taxonomy":"category","embeddable":true,"href":"https:\/\/angelruizquesada.com\/borges\/wp-json\/wp\/v2\/categories?post=66614"},{"taxonomy":"post_tag","embeddable":true,"href":"https:\/\/angelruizquesada.com\/borges\/wp-json\/wp\/v2\/tags?post=66614"}],"curies":[{"name":"wp","href":"https:\/\/api.w.org\/{rel}","templated":true}]}}