{"id":62894,"date":"2009-01-24T11:33:29","date_gmt":"2009-01-24T11:33:29","guid":{"rendered":"https:\/\/angelruizquesada.com\/?p=62894"},"modified":"2020-07-13T18:14:57","modified_gmt":"2020-07-13T18:14:57","slug":"zurron-de-los-recuerdos-pequena-sintesis-del-arte-poetico-en-galdar-gran-canaria-desde-el-ano-1965","status":"publish","type":"post","link":"https:\/\/angelruizquesada.com\/borges\/zurron-de-los-recuerdos-pequena-sintesis-del-arte-poetico-en-galdar-gran-canaria-desde-el-ano-1965\/","title":{"rendered":"Zurr\u00f3n de los Recuerdos \u00abPeque\u00f1a s\u00edntesis del Arte Po\u00e9tico en G\u00e1ldar, Gran Canaria, desde el a\u00f1o 1965\u00bb"},"content":{"rendered":"<p class=\"dropcap-first\">Buenos D\u00edas a todas y a todos los oyentes.<\/p>\n<p>Hoy, y en relaci\u00f3n con el acto previsto para ma\u00f1ana d\u00eda 25 de enero del corriente 2009, que como ya hemos adelantado, se trata del PRIMER ENCUENTRO PO\u00c9TICO DE LA POES\u00cdA POPULAR DE NUESTROS MAYORES \u201cPASEO BARTOLITO EL DEL MOLINO\u201d. Como ya he hecho en otras ocasiones, he revuelto en el zurr\u00f3n para dar en concreto con este tema, y como bien ha dicho la directora de este programa, se trata de una peque\u00f1a s\u00edntesis de lo que al arte po\u00e9tico en nuestra ciudad de G\u00e1ldar se refiere.<\/p>\n<p>Y si lo he titulado \u201cPeque\u00f1a S\u00edntesis\u201d es debido a que solo me referir\u00e9 a los datos, de acuerdo con la documentaci\u00f3n que tengo en mi poder, entendiendo que la misma es m\u00e1s exhaustiva con la que yo cuento, y lo dejo abierto para que alg\u00fan oyente o lector lo ampl\u00ede y entre todos logremos un trabajo completo.<\/p>\n<p>Cuando nos referimos a la Poes\u00eda y buscamos en el tradicional diccionario de la Real Academia, encontramos una preciosa definici\u00f3n cuando dice que, <em>es la manifestaci\u00f3n de la bellaza o del sentimiento est\u00e9tico por medio de la palabra, en verso o en prosa.<\/em><\/p>\n<p>Pero prefiero situarme en la segunda parte del preg\u00f3n que le hice al Se\u00f1or Santiago Ap\u00f3stol en el a\u00f1o 2007, cuando al referirme al anuncio de sus fiestas patronales, tom\u00e9 como referencia la simbolog\u00eda griega sobre las Musas, ya que la mitolog\u00eda ha tenido una amplia influencia sobre la cultura, el arte y la literatura de la civilizaci\u00f3n occidental. Ha sido parte de los contenidos educativos. Los poetas y artistas, desde las \u00e9pocas antiguas hasta la actualidad, han hallado inspiraci\u00f3n en ella y han descubierto significado y relevancia en los temas mitol\u00f3gicos cl\u00e1sicos (1).\u00a0\u00a0\u00a0\u00a0\u00a0\u00a0\u00a0\u00a0\u00a0\u00a0\u00a0\u00a0\u00a0<\/p>\n<p>(1) Foley, John Miles (1999), Homer&#8217;s Traditional Art, 43. ISBN 0-271-01870.<\/p>\n<p>Todas las Musas eran hijas de Zeus y Mnem\u00f3sine. Pero advert\u00eda que no quer\u00eda en ning\u00fan momento compararme con Zeus, y menos a\u00fan comparar a mi mujer con Mnem\u00f3sine. S\u00f3lo pretend\u00eda recurrir al amparo de las Musas por su relaci\u00f3n con las artes.<\/p>\n<p><em>Qui\u00e9n me diera una musa de fuego <\/em><\/p>\n<p><em>\u00a0\u00a0\u00a0\u00a0\u00a0\u00a0\u00a0\u00a0\u00a0\u00a0\u00a0\u00a0\u00a0\u00a0\u00a0\u00a0\u00a0\u00a0\u00a0\u00a0\u00a0\u00a0\u00a0\u00a0\u00a0\u00a0\u00a0 que os transporte al cielo m\u00e1s brillante de la\u00a0 \u00a0 \u00a0 \u00a0 \u00a0 \u00a0 \u00a0 \u00a0 \u00a0 \u00a0 \u00a0 \u00a0 \u00a0 \u00a0 \u00a0 \u00a0 \u00a0 \u00a0 \u00a0 \u00a0 \u00a0 \u00a0 \u00a0 \u00a0 \u00a0 \u00a0 \u00a0 \u00a0 \u00a0 \u00a0 \u00a0 \u00a0 \u00a0 \u00a0 imaginaci\u00f3n; <\/em><\/p>\n<p><em>\u00a0\u00a0\u00a0\u00a0\u00a0\u00a0\u00a0\u00a0\u00a0\u00a0\u00a0\u00a0\u00a0\u00a0\u00a0\u00a0\u00a0\u00a0\u00a0\u00a0\u00a0\u00a0\u00a0\u00a0\u00a0\u00a0\u00a0 pr\u00edncipes por actores, un reino por teatro, <\/em><\/p>\n<p><em>\u00a0\u00a0\u00a0\u00a0\u00a0\u00a0\u00a0\u00a0\u00a0\u00a0\u00a0\u00a0\u00a0\u00a0\u00a0\u00a0\u00a0\u00a0\u00a0\u00a0\u00a0\u00a0\u00a0\u00a0\u00a0\u00a0\u00a0 y reyes que contemplen esta escena pomposa <\/em><\/p>\n<p><strong>(<em>&#8211;William Shakespeare, pr\u00f3logo de \u201cEnrique V\u201d<\/em>)\u00a0\u00a0\u00a0\u00a0\u00a0\u00a0<\/strong>\u00a0\u00a0\u00a0\u00a0\u00a0\u00a0\u00a0\u00a0\u00a0\u00a0\u00a0\u00a0\u00a0\u00a0\u00a0\u00a0\u00a0\u00a0\u00a0\u00a0\u00a0\u00a0\u00a0\u00a0\u00a0\u00a0\u00a0\u00a0\u00a0\u00a0<\/p>\n<p>\u00a0\u00a0\u00a0\u00a0\u00a0\u00a0\u00a0\u00a0\u00a0\u00a0\u00a0\u00a0\u00a0\u00a0\u00a0\u00a0\u00a0\u00a0\u00a0\u00a0\u00a0\u00a0\u00a0\u00a0\u00a0\u00a0\u00a0 <em>\u00a1Oh musas, oh altos genios, ayudadme!<br \/>\n\u00a0\u00a0\u00a0\u00a0\u00a0\u00a0\u00a0\u00a0\u00a0\u00a0\u00a0\u00a0\u00a0\u00a0\u00a0\u00a0\u00a0\u00a0\u00a0\u00a0\u00a0\u00a0\u00a0\u00a0\u00a0\u00a0\u00a0 \u00a1Oh memoria que apunta lo que vi!,<br \/>\n\u00a0\u00a0\u00a0\u00a0\u00a0\u00a0\u00a0\u00a0\u00a0\u00a0\u00a0\u00a0\u00a0\u00a0\u00a0\u00a0\u00a0\u00a0\u00a0\u00a0\u00a0\u00a0\u00a0\u00a0\u00a0\u00a0\u00a0 ahora se ver\u00e1 tu aut\u00e9ntica nobleza! <\/em><\/p>\n<p>(&#8211;Dante, La Divina Comedia, Infierno II)\u00a0\u00a0\u00a0\u00a0\u00a0\u00a0\u00a0\u00a0\u00a0\u00a0\u00a0\u00a0\u00a0\u00a0\u00a0\u00a0\u00a0\u00a0\u00a0\u00a0\u00a0\u00a0\u00a0\u00a0\u00a0\u00a0\u00a0\u00a0<\/p>\n<p>Entre las Musas a las que me refer\u00eda, estaba la de la Poes\u00eda:<\/p>\n<p><em>Erato,<\/em><em> \u00abla amable\u00bb o \u00abla amorosa\u00bb, la Musa de la Poes\u00eda L\u00edrica o Poes\u00eda Amorosa. En las representaciones m\u00e1s frecuentes, va coronada de mirto y de rosas, llevando una peque\u00f1a c\u00edtara entre sus manos, instrumento de cuerda que ella misma invent\u00f3.<\/em><\/p>\n<p>Ahora, ya situados, comienzo a relatarles el trabajo que los he preparado.<\/p>\n<p>Aprovechando que el pr\u00f3ximo d\u00eda 28 de enero, se le tributar\u00e1 un nuevo y merecido homenaje a nuestro folclorista de pro don Jos\u00e9 Mar\u00eda Gil con la inauguraci\u00f3n de una escultura en su honor, les voy a dar lectura a un bonito poema que el mismo le dedic\u00f3 al <em>Pozo Redondo de La Arenilla<\/em>, que como todos sabemos se trata de la actual piscina del Agujero, pues antiguamente le llam\u00e1bamos \u201cEl Pozo\u201d. Dice as\u00ed:<\/p>\n<p>\u00a0\u00a0\u00a0\u00a0\u00a0\u00a0\u00a0\u00a0\u00a0\u00a0\u00a0\u00a0\u00a0\u00a0\u00a0\u00a0\u00a0\u00a0\u00a0\u00a0\u00a0\u00a0\u00a0\u00a0\u00a0\u00a0\u00a0 \u00a0\u00a0\u00a0\u00a0\u00a0\u00a0\u00a0\u00a0 Hay un pozo en La Arenilla,<\/p>\n<p>\u00a0\u00a0\u00a0\u00a0\u00a0\u00a0\u00a0\u00a0\u00a0\u00a0\u00a0\u00a0\u00a0\u00a0\u00a0\u00a0\u00a0\u00a0\u00a0\u00a0\u00a0\u00a0\u00a0\u00a0\u00a0\u00a0\u00a0 \u00a0\u00a0\u00a0\u00a0\u00a0\u00a0\u00a0\u00a0 pozo redondo llamado,<\/p>\n<p>\u00a0\u00a0\u00a0\u00a0\u00a0\u00a0\u00a0\u00a0\u00a0\u00a0\u00a0\u00a0\u00a0\u00a0\u00a0\u00a0\u00a0\u00a0\u00a0\u00a0\u00a0\u00a0\u00a0\u00a0\u00a0\u00a0\u00a0 \u00a0\u00a0\u00a0\u00a0\u00a0\u00a0\u00a0\u00a0 en la roca socavado,<\/p>\n<p>\u00a0\u00a0\u00a0\u00a0\u00a0\u00a0\u00a0\u00a0\u00a0\u00a0\u00a0\u00a0\u00a0\u00a0\u00a0\u00a0\u00a0\u00a0\u00a0\u00a0\u00a0\u00a0\u00a0\u00a0\u00a0\u00a0\u00a0 \u00a0\u00a0\u00a0\u00a0\u00a0\u00a0\u00a0\u00a0 situado junto a la orilla.<\/p>\n<p>&nbsp;<\/p>\n<p>\u00a0\u00a0\u00a0\u00a0\u00a0\u00a0\u00a0\u00a0\u00a0\u00a0\u00a0\u00a0\u00a0\u00a0\u00a0\u00a0\u00a0\u00a0\u00a0\u00a0\u00a0\u00a0\u00a0\u00a0\u00a0\u00a0\u00a0 \u00a0\u00a0\u00a0\u00a0\u00a0\u00a0\u00a0\u00a0 Apenas el alba brilla<\/p>\n<p>\u00a0\u00a0\u00a0\u00a0\u00a0\u00a0\u00a0\u00a0\u00a0\u00a0\u00a0\u00a0\u00a0\u00a0\u00a0\u00a0\u00a0\u00a0\u00a0\u00a0\u00a0\u00a0\u00a0\u00a0\u00a0\u00a0\u00a0 \u00a0\u00a0\u00a0\u00a0\u00a0\u00a0\u00a0\u00a0 y sale el sol entre brumas,<\/p>\n<p>\u00a0\u00a0\u00a0\u00a0\u00a0\u00a0\u00a0\u00a0\u00a0\u00a0\u00a0\u00a0\u00a0\u00a0\u00a0\u00a0\u00a0\u00a0\u00a0\u00a0\u00a0\u00a0\u00a0\u00a0\u00a0\u00a0\u00a0 \u00a0\u00a0\u00a0\u00a0\u00a0\u00a0\u00a0\u00a0 van las olas, una a una,<\/p>\n<p>\u00a0\u00a0\u00a0\u00a0\u00a0\u00a0\u00a0\u00a0\u00a0\u00a0\u00a0\u00a0\u00a0\u00a0\u00a0\u00a0\u00a0\u00a0\u00a0\u00a0\u00a0\u00a0\u00a0\u00a0\u00a0\u00a0\u00a0 \u00a0\u00a0\u00a0\u00a0\u00a0\u00a0\u00a0\u00a0 rompi\u00e9ndose en la ribera<\/p>\n<p>&nbsp;<\/p>\n<p>\u00a0\u00a0\u00a0\u00a0\u00a0\u00a0\u00a0\u00a0\u00a0\u00a0\u00a0\u00a0\u00a0\u00a0\u00a0\u00a0\u00a0\u00a0\u00a0\u00a0\u00a0\u00a0\u00a0\u00a0\u00a0\u00a0\u00a0 \u00a0\u00a0\u00a0\u00a0\u00a0\u00a0\u00a0\u00a0 Las avecillas ligeras<\/p>\n<p>\u00a0\u00a0\u00a0\u00a0\u00a0\u00a0\u00a0\u00a0\u00a0\u00a0\u00a0\u00a0\u00a0\u00a0\u00a0\u00a0\u00a0\u00a0\u00a0\u00a0\u00a0\u00a0\u00a0\u00a0\u00a0\u00a0\u00a0 \u00a0\u00a0\u00a0\u00a0\u00a0\u00a0\u00a0\u00a0 juegan con la blanca espuma.<\/p>\n<p>&nbsp;<\/p>\n<p>\u00a0\u00a0\u00a0\u00a0\u00a0\u00a0\u00a0\u00a0\u00a0\u00a0\u00a0\u00a0\u00a0\u00a0\u00a0\u00a0\u00a0\u00a0\u00a0\u00a0\u00a0\u00a0\u00a0\u00a0\u00a0\u00a0\u00a0 \u00a0\u00a0\u00a0\u00a0\u00a0\u00a0\u00a0\u00a0 La princesa Guayarmina<\/p>\n<p>\u00a0\u00a0\u00a0\u00a0\u00a0\u00a0\u00a0\u00a0\u00a0\u00a0\u00a0\u00a0\u00a0\u00a0\u00a0\u00a0\u00a0\u00a0\u00a0\u00a0\u00a0\u00a0\u00a0\u00a0\u00a0\u00a0\u00a0 \u00a0\u00a0\u00a0\u00a0\u00a0\u00a0\u00a0\u00a0 viene al ba\u00f1o acompa\u00f1ada<\/p>\n<p>\u00a0\u00a0\u00a0\u00a0\u00a0\u00a0\u00a0\u00a0\u00a0\u00a0\u00a0\u00a0\u00a0\u00a0\u00a0\u00a0\u00a0\u00a0\u00a0\u00a0\u00a0\u00a0\u00a0\u00a0\u00a0\u00a0\u00a0 \u00a0\u00a0\u00a0\u00a0\u00a0\u00a0\u00a0\u00a0 de la anciana harimaguada<\/p>\n<p>\u00a0\u00a0\u00a0\u00a0\u00a0\u00a0\u00a0\u00a0\u00a0\u00a0\u00a0\u00a0\u00a0\u00a0\u00a0\u00a0\u00a0\u00a0\u00a0\u00a0\u00a0\u00a0\u00a0\u00a0\u00a0\u00a0\u00a0 \u00a0\u00a0\u00a0\u00a0\u00a0\u00a0\u00a0\u00a0 y Tenesoya, su prima.<\/p>\n<p>&nbsp;<\/p>\n<p>\u00a0\u00a0\u00a0\u00a0\u00a0\u00a0\u00a0\u00a0\u00a0\u00a0\u00a0\u00a0\u00a0\u00a0\u00a0\u00a0\u00a0\u00a0\u00a0\u00a0\u00a0\u00a0\u00a0\u00a0\u00a0\u00a0\u00a0 \u00a0\u00a0\u00a0\u00a0\u00a0\u00a0\u00a0\u00a0 Cubre sus carnes divinas<\/p>\n<p>\u00a0\u00a0\u00a0\u00a0\u00a0\u00a0\u00a0\u00a0\u00a0\u00a0\u00a0\u00a0\u00a0\u00a0\u00a0\u00a0\u00a0\u00a0\u00a0\u00a0\u00a0\u00a0\u00a0\u00a0\u00a0\u00a0\u00a0 \u00a0\u00a0\u00a0\u00a0\u00a0\u00a0\u00a0\u00a0 con fina piel de cordero<\/p>\n<p>\u00a0\u00a0\u00a0\u00a0\u00a0\u00a0\u00a0\u00a0\u00a0\u00a0\u00a0\u00a0\u00a0\u00a0\u00a0\u00a0\u00a0\u00a0\u00a0\u00a0\u00a0\u00a0\u00a0\u00a0\u00a0\u00a0\u00a0 \u00a0\u00a0\u00a0\u00a0\u00a0\u00a0\u00a0\u00a0 repujada con esmero\u2026<\/p>\n<p>\u00a0\u00a0\u00a0\u00a0\u00a0\u00a0\u00a0\u00a0\u00a0\u00a0\u00a0\u00a0\u00a0\u00a0\u00a0\u00a0\u00a0\u00a0\u00a0\u00a0\u00a0\u00a0\u00a0\u00a0\u00a0\u00a0\u00a0 \u00a0\u00a0\u00a0\u00a0\u00a0\u00a0\u00a0\u00a0 y saltan al mar gritando,<\/p>\n<p>\u00a0\u00a0\u00a0\u00a0\u00a0\u00a0\u00a0\u00a0\u00a0\u00a0\u00a0\u00a0\u00a0\u00a0\u00a0\u00a0\u00a0\u00a0\u00a0\u00a0\u00a0\u00a0\u00a0\u00a0\u00a0\u00a0\u00a0 \u00a0\u00a0\u00a0\u00a0\u00a0\u00a0\u00a0\u00a0 y con las olas jugando<\/p>\n<p>\u00a0\u00a0\u00a0\u00a0\u00a0\u00a0\u00a0\u00a0\u00a0\u00a0\u00a0\u00a0\u00a0\u00a0\u00a0\u00a0\u00a0\u00a0\u00a0\u00a0\u00a0\u00a0\u00a0\u00a0\u00a0\u00a0\u00a0 \u00a0\u00a0\u00a0\u00a0\u00a0\u00a0\u00a0\u00a0 cual pajarillos del cielo<\/p>\n<p>Para hablar del Arte Po\u00e9tico en G\u00e1ldar, me quiero trasladar al a\u00f1o 1965, en el Casino de nuestra ciudad donde se celebr\u00f3 el Primer Encuentro de Poetas, l\u00e1stima que no figuran los nombres en los datos que poseo. Ser\u00eda bueno, si entre todos los oyentes figura alg\u00fan participante, me lo comunicaran para ultimar este trabajo antes de darlo a conocer a trav\u00e9s de las p\u00e1ginas virtuales.<\/p>\n<p><strong>Antes de continuar, quiero mostrar mi sincero agradecimiento al buen amigo, investigador, Alejandro Moreno y Marrero, que ha respondido a mi petici\u00f3n. Es de agradecer este hermoso gesto, pues es sabido, que muchas personas no obran como lo ha hecho este querido amigo, del que me enorgullece estar entre sus amistades.<\/strong><strong>\u00a0<\/strong><\/p>\n<p><strong>Con fecha 26 de enero, recibo un cari\u00f1oso correo con un interesante ofrecimiento que no me resisto en describir parte del mismo:<\/strong><strong>\u00a0<\/strong><\/p>\n<p><strong><em>\u2026yo estoy casi m\u00e1s tiempo en los archivos y hemerotecas investigando que en mi propia casa, de modo que cuando necesites que te localice alg\u00fan o algunos datos para tus trabajos, no dudes en dec\u00edrmelo. Y es que me conozco de memoria \u2013por ejemplo- todos y cada uno de los peri\u00f3dicos que desde mediados del s.XIX hasta la actualidad se han publicado en Canarias, ya que estoy consult\u00e1ndolos a diario.<\/em><\/strong><\/p>\n<p><strong>Luego me adjunta un archivo con la reproducci\u00f3n de dos p\u00e1ginas del peri\u00f3dico \u201cEl Eco de Canarias\u201d con fechas 11 y 25 de julio de 1965. En ellas se recoge con bastante amplitud la noticia de este Primer encuentro po\u00e9tico celebrado en el Casino de G\u00e1ldar.<\/strong><strong>\u00a0<\/strong><\/p>\n<p><strong>\u00a1Muchas gracias Alejandro!, con personas como t\u00fa vale la pena sacrificarse en realizar todos los trabajos que sean, a sabiendas, que redundar\u00e1n en bien de nuestra tierra.<\/strong><\/p>\n<p><strong>Ahora me van a permitir que repita el p\u00e1rrafo anterior que quedar\u00eda como sigue:<\/strong><strong>\u00a0<\/strong><\/p>\n<p>Para hablar del Arte Po\u00e9tico en G\u00e1ldar, me quiero trasladar al a\u00f1o 1965, en el Casino de nuestra ciudad donde se celebr\u00f3 el Primer Encuentro de Poetas, que de acuerdo con la noticia recogida en el Eco de Canarias de fecha 11 y 25 de julio de dicho a\u00f1o, intervinieron los poetas que detallo a continuaci\u00f3n:<\/p>\n<p>\u00a0\u00a0\u00a0\u00a0\u00a0\u00a0\u00a0\u00a0\u00a0\u00a0\u00a0\u00a0\u00a0\u00a0\u00a0\u00a0\u00a0\u00a0\u00a0\u00a0\u00a0\u00a0\u00a0\u00a0\u00a0\u00a0\u00a0 Don Pedro Perdomo Acedo<\/p>\n<p>\u00a0\u00a0\u00a0\u00a0\u00a0\u00a0\u00a0\u00a0\u00a0\u00a0\u00a0\u00a0\u00a0\u00a0\u00a0\u00a0\u00a0\u00a0\u00a0\u00a0\u00a0\u00a0\u00a0\u00a0\u00a0\u00a0\u00a0 Don Juan Sosa Su\u00e1rez<\/p>\n<p>\u00a0\u00a0\u00a0\u00a0\u00a0\u00a0\u00a0\u00a0\u00a0\u00a0\u00a0\u00a0\u00a0\u00a0\u00a0\u00a0\u00a0\u00a0\u00a0\u00a0\u00a0\u00a0\u00a0\u00a0\u00a0\u00a0\u00a0 Don domingo Vel\u00e1zquez Cabrera<\/p>\n<p>\u00a0\u00a0\u00a0\u00a0\u00a0\u00a0\u00a0\u00a0\u00a0\u00a0\u00a0\u00a0\u00a0\u00a0\u00a0\u00a0\u00a0\u00a0\u00a0\u00a0\u00a0\u00a0\u00a0\u00a0\u00a0\u00a0\u00a0 Don Agust\u00edn Millares Sall y<\/p>\n<p>\u00a0\u00a0\u00a0\u00a0\u00a0\u00a0\u00a0\u00a0\u00a0\u00a0\u00a0\u00a0\u00a0\u00a0\u00a0\u00a0\u00a0\u00a0\u00a0\u00a0\u00a0\u00a0\u00a0\u00a0\u00a0\u00a0\u00a0 Don Jos\u00e9 D\u00edaz de Castro.<\/p>\n<p>En el a\u00f1o 1968, el d\u00eda 16 de julio don Juan Rodr\u00edguez Doreste present\u00f3 al Grupo de Arte \u201cUTIACA\u201d.<\/p>\n<p>En julio de 1970, en el Teatro Municipal, el grupo po\u00e9tico de la Universidad de la Laguna, escenific\u00f3 Poemas de Garc\u00eda Lorca y Nicol\u00e1s Guill\u00e9n.<\/p>\n<p>Pero lo m\u00e1s curioso que he encontrado, entre la documentaci\u00f3n que poseo, es que el 2 de agosto de 1980, en La Plaza de San Sebasti\u00e1n y a las 12 horas, Se celebr\u00f3 un \u201cEncuentro de Poetas Galdenses\u201d, fue organizado por el entonces \u201cLiceo Cultural Ag\u00e1ldar\u201d. Podr\u00e1n comprobar que no se trataba como ahora, un acto a desarrollar junto a las Fiestas de San Sebasti\u00e1n.<\/p>\n<p>Un viernes d\u00eda 22 de julio de 1983, se celebraba el Preg\u00f3n de las Fiestas Patronales de Santiago Ap\u00f3stol a cargo de don Carmelo Padr\u00f3n D\u00edaz, a continuaci\u00f3n de dicho preg\u00f3n se celebr\u00f3 tambi\u00e9n un Recital Po\u00e9tico.<\/p>\n<p>El 7 de julio de 1984, y de nuevo, en el Teatro Municipal, a instancia de la polifac\u00e9tica y escritora Donina Romero, el Grupo de Teatro Aj\u00f3dar, organiz\u00f3 un homenaje al poeta Domingo Vel\u00e1zquez Cabrera, en el mismo se celebr\u00f3 un Recital de Poemas en el que participaron varios poetas galdenses y los dos nombrados, es decir Domingo Vel\u00e1zquez y Donina romero.<\/p>\n<p>El 10 de julio de 1985, otro recital po\u00e9tico, en este caso a cargo del grupo \u201cLetras InCrescendo\u201d formado por j\u00f3venes poetas de G\u00e1ldar.<\/p>\n<p>Nuevamente, el siguiente a\u00f1o, tambi\u00e9n, don Domingo Vel\u00e1zquez nos daba a conocer sus nuevos poemas.<\/p>\n<p>En el historial po\u00e9tico de G\u00e1ldar, figura un acontecimiento literario de gran magnitud, fue en diciembre de 1986, en el casino de G\u00e1ldar se celebr\u00f3 el primer \u201cSeminario del Noroeste\u201d organizado por el poeta escritor, Premio Canarias en Literatura Manuel Padorno Navarro. All\u00ed se reuni\u00f3 un grupo de amigos, cr\u00edticos y poetas para homenajear al artista por la publicaci\u00f3n de su \u00faltima obra \u201cUna bebida desconocida. Intervinieron entre otros, V\u00edctor S\u00e1nchez, Eugenio Padorno, Jos\u00e9 Cubiles, Jos\u00e9 Luis Gallardo, Fernando Castro, y Sebasti\u00e1n de la Nuez.<\/p>\n<p>Recordar\u00e1n que en este libro se recoge un precioso poema que Manuel Padorno le dedic\u00f3 no s\u00f3lo a La Monta\u00f1a de G\u00e1ldar, sino a la gente de la cultura que vive en ella.<\/p>\n<p>Tambi\u00e9n, en La Monta\u00f1a, y con motivo de sus fiestas patronales en honor a Nuestra Se\u00f1ora de F\u00e1tima, desde el a\u00f1o 1984 y hasta 1989, organiz\u00e1bamos el \u201cD\u00eda de la Poes\u00eda\u201d. La mayor parte de los mismos por el Grupo de Teatro Aj\u00f3dar. A \u00e9l llevamos a los nombrados Domingo Vel\u00e1zquez, Donina Romero y Manuel Padorno. Tenemos el grato recuerdo de la participaci\u00f3n de \u00c1ngel Meli\u00e1n, Antonio Bola\u00f1os, Francisco Kintana, Juan Lorenzo Santana, el joven Yosabida y Lina Delgado (primera mujer, agente de la Polic\u00eda Municipal de G\u00e1ldar) y varios m\u00e1s, que no recuerdo.<\/p>\n<p>Pero si alguien pis\u00f3 la cima del arte po\u00e9tico en G\u00e1ldar, no cabe la menor duda que fue la que fuera profesora del Instituto de bachillerato \u201cSaulo Tor\u00f3n\u201d de G\u00e1ldar, do\u00f1a Rosa Mar\u00eda Martin\u00f3n Corominas. Esta mujer, con el arte que le caracteriza en el dominio de la literatura, defendi\u00f3 su tesina de fin de carrera, con un magn\u00edfico estudio sobre \u201cEl mar visto por los poetas canarios, andaluces y vascos\u201d.<\/p>\n<p>En el a\u00f1o 1989, realiz\u00f3 de manera magistral, un precioso preg\u00f3n de las fiestas patronales, que espero no equivocarme si digo, que es el primero en la historia de los pregones de Santiago recitado en su totalidad en verso. \u201cEl regreso del Guanarteme\u201d. En \u00e9l trat\u00f3, con exquisita delicadeza el tema tan conllevado del comportamiento de nuestro Rey aborigen a su llegada a nuestro pueblo, despu\u00e9s de ser bautizado en la ciudad aragonesa de Calatayud.<\/p>\n<p>Defiende tanto el arte de las letras que a\u00fan al d\u00eda hoy, no est\u00e1 nada conforme con la impresi\u00f3n del trabajo realizado. No obstante, seguir\u00e9 intentando que ceda ante mi petici\u00f3n, de que este preg\u00f3n, est\u00e9 colgado en una de las p\u00e1ginas digitales existentes, naturalmente, con las correcciones precisas. Para disfrute de todos sus visitantes.<\/p>\n<p>No me resisto, en recitar parte de esta joya literaria que comenzaba de esta manera:<\/p>\n<p>\u00a0\u00a0\u00a0\u00a0\u00a0\u00a0\u00a0\u00a0\u00a0\u00a0\u00a0\u00a0\u00a0\u00a0\u00a0\u00a0\u00a0\u00a0\u00a0\u00a0\u00a0\u00a0\u00a0\u00a0\u00a0\u00a0\u00a0\u00a0\u00a0\u00a0\u00a0\u00a0\u00a0\u00a0\u00a0\u00a0\u00a0 Por un camino te\u00f1ido<\/p>\n<p>\u00a0\u00a0\u00a0\u00a0\u00a0\u00a0\u00a0\u00a0\u00a0\u00a0\u00a0\u00a0\u00a0\u00a0\u00a0\u00a0\u00a0\u00a0\u00a0\u00a0\u00a0\u00a0\u00a0\u00a0\u00a0\u00a0\u00a0\u00a0\u00a0\u00a0\u00a0\u00a0\u00a0\u00a0\u00a0\u00a0\u00a0 de sangre, luz y retama,<\/p>\n<p>\u00a0\u00a0\u00a0\u00a0\u00a0\u00a0\u00a0\u00a0\u00a0\u00a0\u00a0\u00a0\u00a0\u00a0\u00a0\u00a0\u00a0\u00a0\u00a0\u00a0\u00a0\u00a0\u00a0\u00a0\u00a0\u00a0\u00a0\u00a0\u00a0\u00a0\u00a0\u00a0\u00a0\u00a0\u00a0\u00a0\u00a0 caminaba el Guanarteme,<\/p>\n<p>\u00a0\u00a0\u00a0\u00a0\u00a0\u00a0\u00a0\u00a0\u00a0\u00a0\u00a0\u00a0\u00a0\u00a0\u00a0\u00a0\u00a0\u00a0\u00a0\u00a0\u00a0\u00a0\u00a0\u00a0\u00a0\u00a0\u00a0\u00a0\u00a0\u00a0\u00a0\u00a0\u00a0\u00a0\u00a0\u00a0\u00a0 el Guanarteme de Ag\u00e1ldar,<\/p>\n<p>&nbsp;<\/p>\n<p>\u00a0\u00a0\u00a0\u00a0\u00a0\u00a0\u00a0\u00a0\u00a0\u00a0\u00a0\u00a0\u00a0\u00a0\u00a0\u00a0\u00a0\u00a0\u00a0\u00a0\u00a0\u00a0\u00a0\u00a0\u00a0\u00a0\u00a0\u00a0\u00a0\u00a0\u00a0\u00a0\u00a0\u00a0\u00a0\u00a0\u00a0 Lleva el coraz\u00f3n herido,<\/p>\n<p>\u00a0\u00a0\u00a0\u00a0\u00a0\u00a0\u00a0\u00a0\u00a0\u00a0\u00a0\u00a0\u00a0\u00a0\u00a0\u00a0\u00a0\u00a0\u00a0\u00a0\u00a0\u00a0\u00a0\u00a0\u00a0\u00a0\u00a0\u00a0\u00a0\u00a0\u00a0\u00a0\u00a0\u00a0\u00a0\u00a0\u00a0 abierta va su alma<\/p>\n<p>\u00a0\u00a0\u00a0\u00a0\u00a0\u00a0\u00a0\u00a0\u00a0\u00a0\u00a0\u00a0\u00a0\u00a0\u00a0\u00a0\u00a0\u00a0\u00a0\u00a0\u00a0\u00a0\u00a0\u00a0\u00a0\u00a0\u00a0\u00a0\u00a0\u00a0\u00a0\u00a0\u00a0\u00a0\u00a0\u00a0\u00a0 p\u00e1jaro mudo parece<\/p>\n<p>\u00a0\u00a0\u00a0\u00a0\u00a0\u00a0\u00a0\u00a0\u00a0\u00a0\u00a0\u00a0\u00a0\u00a0\u00a0\u00a0\u00a0\u00a0\u00a0\u00a0\u00a0\u00a0\u00a0\u00a0\u00a0\u00a0\u00a0\u00a0\u00a0\u00a0\u00a0\u00a0\u00a0\u00a0\u00a0\u00a0\u00a0 el dolor en su garganta<\/p>\n<p>&nbsp;<\/p>\n<p>\u00a0\u00a0\u00a0\u00a0\u00a0\u00a0\u00a0\u00a0\u00a0\u00a0\u00a0\u00a0\u00a0\u00a0\u00a0\u00a0\u00a0\u00a0\u00a0\u00a0\u00a0\u00a0\u00a0\u00a0\u00a0\u00a0\u00a0\u00a0\u00a0\u00a0\u00a0\u00a0\u00a0\u00a0\u00a0\u00a0\u00a0 \u201c\u00a1Guanarteme, Guanarteme!\u201d<\/p>\n<p>\u00a0\u00a0\u00a0\u00a0\u00a0\u00a0\u00a0\u00a0\u00a0\u00a0\u00a0\u00a0\u00a0\u00a0\u00a0\u00a0\u00a0\u00a0\u00a0\u00a0\u00a0\u00a0\u00a0\u00a0\u00a0\u00a0\u00a0\u00a0\u00a0\u00a0\u00a0\u00a0\u00a0\u00a0\u00a0\u00a0\u00a0 -gritan voces enconadas-<\/p>\n<p>\u00a0\u00a0\u00a0\u00a0\u00a0\u00a0\u00a0\u00a0\u00a0\u00a0\u00a0\u00a0\u00a0\u00a0\u00a0\u00a0\u00a0\u00a0\u00a0\u00a0\u00a0\u00a0\u00a0\u00a0\u00a0\u00a0\u00a0\u00a0\u00a0\u00a0\u00a0\u00a0\u00a0\u00a0\u00a0\u00a0\u00a0 \u201c\u00a1Guanarteme, Guanarteme!,<\/p>\n<p>\u00a0\u00a0\u00a0\u00a0\u00a0\u00a0\u00a0\u00a0\u00a0\u00a0\u00a0\u00a0\u00a0\u00a0\u00a0\u00a0\u00a0\u00a0\u00a0\u00a0\u00a0\u00a0\u00a0\u00a0\u00a0\u00a0\u00a0\u00a0\u00a0\u00a0\u00a0\u00a0\u00a0\u00a0\u00a0\u00a0\u00a0 \u00a1vu\u00e9lvete con tus menada,<\/p>\n<p>\u00a0\u00a0\u00a0\u00a0\u00a0\u00a0\u00a0\u00a0\u00a0\u00a0\u00a0\u00a0\u00a0\u00a0\u00a0\u00a0\u00a0\u00a0\u00a0\u00a0\u00a0\u00a0\u00a0\u00a0\u00a0\u00a0\u00a0\u00a0\u00a0\u00a0\u00a0\u00a0\u00a0\u00a0\u00a0\u00a0\u00a0 hombres alzados te esperan,<\/p>\n<p>\u00a0\u00a0\u00a0\u00a0\u00a0\u00a0\u00a0\u00a0\u00a0\u00a0\u00a0\u00a0\u00a0\u00a0\u00a0\u00a0\u00a0\u00a0\u00a0\u00a0\u00a0\u00a0\u00a0\u00a0\u00a0\u00a0\u00a0\u00a0\u00a0\u00a0\u00a0\u00a0\u00a0\u00a0\u00a0\u00a0\u00a0 aqu\u00ed arriba en las monta\u00f1as,<\/p>\n<p>\u00a0\u00a0\u00a0\u00a0\u00a0\u00a0\u00a0\u00a0\u00a0\u00a0\u00a0\u00a0\u00a0\u00a0\u00a0\u00a0\u00a0\u00a0\u00a0\u00a0\u00a0\u00a0\u00a0\u00a0\u00a0\u00a0\u00a0\u00a0\u00a0\u00a0\u00a0\u00a0\u00a0\u00a0\u00a0\u00a0\u00a0 hombres que creen en ti,<\/p>\n<p>\u00a0\u00a0\u00a0\u00a0\u00a0\u00a0\u00a0\u00a0\u00a0\u00a0\u00a0\u00a0\u00a0\u00a0\u00a0\u00a0\u00a0\u00a0\u00a0\u00a0\u00a0\u00a0\u00a0\u00a0\u00a0\u00a0\u00a0\u00a0\u00a0\u00a0\u00a0\u00a0\u00a0\u00a0\u00a0\u00a0\u00a0 no en las armas castellanas!\u201d<\/p>\n<p>&nbsp;<\/p>\n<p>En su reflexi\u00f3n hacia el Grupo de Teatro Aj\u00f3dar le dedicaba unos preciosos versos que sintetizo de esta manera:<\/p>\n<p>\u00a0\u00a0\u00a0\u00a0\u00a0\u00a0\u00a0\u00a0\u00a0\u00a0\u00a0\u00a0\u00a0\u00a0\u00a0\u00a0\u00a0\u00a0\u00a0\u00a0\u00a0\u00a0\u00a0\u00a0\u00a0\u00a0\u00a0\u00a0\u00a0\u00a0\u00a0\u00a0\u00a0\u00a0\u00a0\u00a0\u00a0 O\u00edd, mirad lo que exhorto<\/p>\n<p>\u00a0\u00a0\u00a0\u00a0\u00a0\u00a0\u00a0\u00a0\u00a0\u00a0\u00a0\u00a0\u00a0\u00a0\u00a0\u00a0\u00a0\u00a0\u00a0\u00a0\u00a0\u00a0\u00a0\u00a0\u00a0\u00a0\u00a0\u00a0\u00a0\u00a0\u00a0\u00a0\u00a0\u00a0\u00a0\u00a0\u00a0 a esta gente afortunada:<\/p>\n<p>\u00a0\u00a0\u00a0\u00a0\u00a0\u00a0\u00a0\u00a0\u00a0\u00a0\u00a0\u00a0\u00a0\u00a0\u00a0\u00a0\u00a0\u00a0\u00a0\u00a0\u00a0\u00a0\u00a0\u00a0\u00a0\u00a0\u00a0\u00a0\u00a0\u00a0\u00a0\u00a0\u00a0\u00a0\u00a0\u00a0\u00a0 forjadores sois de ensue\u00f1os,<\/p>\n<p>\u00a0\u00a0\u00a0\u00a0\u00a0\u00a0\u00a0\u00a0\u00a0\u00a0\u00a0\u00a0\u00a0\u00a0\u00a0\u00a0\u00a0\u00a0\u00a0\u00a0\u00a0\u00a0\u00a0\u00a0\u00a0\u00a0\u00a0\u00a0\u00a0\u00a0\u00a0\u00a0\u00a0\u00a0\u00a0\u00a0\u00a0 no os bat\u00e1is en retirada.<\/p>\n<p>&nbsp;<\/p>\n<p>\u00a0\u00a0\u00a0\u00a0\u00a0\u00a0\u00a0\u00a0\u00a0\u00a0\u00a0\u00a0\u00a0\u00a0\u00a0\u00a0\u00a0\u00a0\u00a0\u00a0\u00a0\u00a0\u00a0\u00a0\u00a0\u00a0\u00a0\u00a0\u00a0\u00a0\u00a0\u00a0\u00a0\u00a0\u00a0\u00a0\u00a0 No tem\u00e1is que el lado adverso<\/p>\n<p>\u00a0\u00a0\u00a0\u00a0\u00a0\u00a0\u00a0\u00a0\u00a0\u00a0\u00a0\u00a0\u00a0\u00a0\u00a0\u00a0\u00a0\u00a0\u00a0\u00a0\u00a0\u00a0\u00a0\u00a0\u00a0\u00a0\u00a0\u00a0\u00a0\u00a0\u00a0\u00a0\u00a0\u00a0\u00a0\u00a0\u00a0 haga peligrar la llama<\/p>\n<p>\u00a0\u00a0\u00a0\u00a0\u00a0\u00a0\u00a0\u00a0\u00a0\u00a0\u00a0\u00a0\u00a0\u00a0\u00a0\u00a0\u00a0\u00a0\u00a0\u00a0\u00a0\u00a0\u00a0\u00a0\u00a0\u00a0\u00a0\u00a0\u00a0\u00a0\u00a0\u00a0\u00a0\u00a0\u00a0\u00a0\u00a0 que enciende vuestro vivir:<\/p>\n<p>\u00a0\u00a0\u00a0\u00a0\u00a0\u00a0\u00a0\u00a0\u00a0\u00a0\u00a0\u00a0\u00a0\u00a0\u00a0\u00a0\u00a0\u00a0\u00a0\u00a0\u00a0\u00a0\u00a0\u00a0\u00a0\u00a0\u00a0\u00a0\u00a0\u00a0\u00a0\u00a0\u00a0\u00a0\u00a0\u00a0\u00a0 el esfuerzo siempre alcanza<\/p>\n<p>\u00a0\u00a0\u00a0\u00a0\u00a0\u00a0\u00a0\u00a0\u00a0\u00a0\u00a0\u00a0\u00a0\u00a0\u00a0\u00a0\u00a0\u00a0\u00a0\u00a0\u00a0\u00a0\u00a0\u00a0\u00a0\u00a0\u00a0\u00a0\u00a0\u00a0\u00a0\u00a0\u00a0\u00a0\u00a0\u00a0\u00a0 la cima de la ilusi\u00f3n,<\/p>\n<p>\u00a0\u00a0\u00a0\u00a0\u00a0\u00a0\u00a0\u00a0\u00a0\u00a0\u00a0\u00a0\u00a0\u00a0\u00a0\u00a0\u00a0\u00a0\u00a0\u00a0\u00a0\u00a0\u00a0\u00a0\u00a0\u00a0\u00a0\u00a0\u00a0\u00a0\u00a0\u00a0\u00a0\u00a0\u00a0\u00a0\u00a0 por alta que est\u00e9 la marca.<\/p>\n<p>La idea de hacer este encuentro, la vengo gestando desde la inauguraci\u00f3n del paseo. Prueba de ello es que en el acto de inauguraci\u00f3n, ya hicimos los primeros peninos. Juan Lorenzo Santana Medina, Pino Mar\u00eda Medina Artiles y Mar\u00eda Molina D\u00edaz fueron los encargados de dar la nota po\u00e9tica al acto, al \u201cromper el fuego\u201d con la recitaci\u00f3n de un poema cada uno de ellos.<\/p>\n<p>En mi Preg\u00f3n antes mencionado y, en el de Santa Teresa de Jes\u00fas en Ca\u00f1ada Honda, a las Autoridades locales all\u00ed presentes, les lanc\u00e9 la idea de la realizaci\u00f3n de un encuentro anual de poetas durante las fiestas de San Sebasti\u00e1n, en el Paseo de Bartolito el del Molino. Les dec\u00eda, que, de esta forma, aprovechar\u00edamos un precioso rinc\u00f3n que estamos disfrutando desde el d\u00eda 22 de enero del 2006, es decir, hace tres a\u00f1os.<\/p>\n<p>Este rinc\u00f3n, y en palabras del investigador don Alejandro Moreno y Marrero, haciendo menci\u00f3n a las del admirado y llorado Celso Mart\u00edn de Guzm\u00e1n y Guanarteme, <em>sol\u00eda decir que G\u00e1ldar era la ciudad que mejor climatolog\u00eda ten\u00eda de la Isla de Gran Canaria y, adem\u00e1s, a\u00f1ad\u00eda que a su vez en ella exist\u00edan ciertos puntos concretos \u2013de apenas unos metros cuadrados- donde hab\u00eda varios microclimas claramente diferenciados entre s\u00ed y que hac\u00edan del referido punto un lugar \u201cideal\u201d (una especie de \u201cjard\u00edn de las delicias\u201d). En este sentido, quiz\u00e1 yo pueda estar equivocado, pero \u2013sin duda- personalmente considero que uno de esos \u201cdeliciosos microespacios\u201d que tiene nuestra amada tierra galdarense (y de los que hablaba Celso) es ese hermoso rinconcito\u2026\u201d<\/em>.<\/p>\n<p>Quiero dejar claro, que, en ning\u00fan momento, llegu\u00e9 a pensar que me viera organizando este Encuentro, mucho menos con mi Grupo de Teatro, pues entiendo que un acto de esta importancia, debiera formar parte de las labores propias de una Concejal\u00eda de Cultura, puesto que, desde ella se cuenta con lo m\u00e1s m\u00ednimo para ponerla en pr\u00e1ctica.<\/p>\n<p>En vista del silencio absoluto por los responsables pol\u00edticos de mi ciudad, le hice el planteamiento a los miembros del Grupo de Teatro, todos, convencidos de la importancia cultural y social de este evento, me dieron la necesaria conformidad.<\/p>\n<p>Tengo la certeza, que a partir de este encuentro, daremos a conocer como es debido, a muchos poetas galdenses descubiertos por el Centro de Adultos de G\u00e1ldar, que cada uno cuentan con un interesante trabajo magn\u00edficamente coordinado por sus profesores. Ente los mismos est\u00e1 don Enrique Ruiz Moreno, que este a\u00f1o nos cantar\u00e1 la Plegaria del Agua en honor a San Sebasti\u00e1n.<\/p>\n<p>No solo a estos poetas, sino tambi\u00e9n, servir\u00e1 de justo reconocimiento hacia nuestros escritores locales de la poes\u00eda que ya cuentan con sus publicaciones realizadas:\u00a0\u00a0\u00a0\u00a0\u00a0\u00a0\u00a0\u00a0\u00a0\u00a0\u00a0\u00a0\u00a0\u00a0\u00a0\u00a0\u00a0\u00a0\u00a0\u00a0\u00a0\u00a0\u00a0\u00a0\u00a0\u00a0\u00a0<\/p>\n<p>Don \u00c1ngel S\u00e1nchez Rivero, \u00faltimo pregonero de las Fiestas de nuestro pueblo, que ya se est\u00e1 tardando en la creaci\u00f3n de una Fundaci\u00f3n que lleve su nombre. Afortunadamente contamos con el inusitado empe\u00f1o del nombrado investigador Alejandro Moreno y Marrero, al cual, debemos incondicionalmente prestarle la ayuda necesaria.<\/p>\n<p>Le siguen:\u00a0\u00a0\u00a0\u00a0\u00a0\u00a0\u00a0\u00a0\u00a0\u00a0\u00a0\u00a0\u00a0\u00a0\u00a0\u00a0\u00a0\u00a0\u00a0\u00a0\u00a0\u00a0\u00a0\u00a0\u00a0\u00a0\u00a0\u00a0\u00a0\u00a0\u00a0\u00a0\u00a0\u00a0\u00a0\u00a0\u00a0<\/p>\n<p>\u00a0\u00a0\u00a0\u00a0\u00a0\u00a0\u00a0\u00a0\u00a0\u00a0\u00a0\u00a0\u00a0\u00a0\u00a0\u00a0\u00a0\u00a0\u00a0\u00a0\u00a0\u00a0\u00a0\u00a0\u00a0\u00a0\u00a0\u00a0\u00a0\u00a0\u00a0\u00a0\u00a0\u00a0\u00a0\u00a0\u00a0 Do\u00f1a \u00c1urea Aguiar Gonz\u00e1lez,<\/p>\n<p>\u00a0\u00a0\u00a0\u00a0\u00a0\u00a0\u00a0\u00a0\u00a0\u00a0\u00a0\u00a0\u00a0\u00a0\u00a0\u00a0\u00a0\u00a0\u00a0\u00a0\u00a0\u00a0\u00a0\u00a0\u00a0\u00a0\u00a0 \u00a0\u00a0\u00a0\u00a0\u00a0\u00a0\u00a0\u00a0 don Clemente R\u00edos,<\/p>\n<p>\u00a0\u00a0\u00a0\u00a0\u00a0\u00a0\u00a0\u00a0\u00a0\u00a0\u00a0\u00a0\u00a0\u00a0\u00a0\u00a0\u00a0\u00a0\u00a0\u00a0\u00a0\u00a0\u00a0\u00a0\u00a0\u00a0\u00a0\u00a0\u00a0\u00a0\u00a0\u00a0\u00a0\u00a0\u00a0\u00a0\u00a0 don Domingo Vel\u00e1zquez,<\/p>\n<p>\u00a0\u00a0\u00a0\u00a0\u00a0\u00a0\u00a0\u00a0\u00a0\u00a0\u00a0\u00a0\u00a0\u00a0\u00a0\u00a0\u00a0\u00a0\u00a0\u00a0\u00a0\u00a0\u00a0\u00a0\u00a0\u00a0\u00a0\u00a0\u00a0\u00a0\u00a0\u00a0\u00a0\u00a0\u00a0\u00a0\u00a0 don Isidro Vera Su\u00e1rez,<\/p>\n<p>\u00a0\u00a0\u00a0\u00a0\u00a0\u00a0\u00a0\u00a0\u00a0\u00a0\u00a0\u00a0\u00a0\u00a0\u00a0\u00a0\u00a0\u00a0\u00a0\u00a0\u00a0\u00a0\u00a0\u00a0\u00a0\u00a0\u00a0\u00a0\u00a0\u00a0\u00a0\u00a0\u00a0\u00a0\u00a0\u00a0\u00a0 don Pedro Mart\u00edn G\u00f3mez<\/p>\n<p>\u00a0\u00a0\u00a0\u00a0\u00a0\u00a0\u00a0\u00a0\u00a0\u00a0\u00a0\u00a0\u00a0\u00a0\u00a0\u00a0\u00a0\u00a0\u00a0\u00a0\u00a0\u00a0\u00a0\u00a0\u00a0\u00a0\u00a0\u00a0\u00a0\u00a0\u00a0\u00a0\u00a0\u00a0\u00a0\u00a0\u00a0 don Salvador S\u00e1nchez (\u201cBorito\u201d)<\/p>\n<p>\u00a0\u00a0\u00a0\u00a0\u00a0\u00a0\u00a0\u00a0\u00a0\u00a0\u00a0\u00a0\u00a0\u00a0\u00a0\u00a0\u00a0\u00a0\u00a0\u00a0\u00a0\u00a0\u00a0\u00a0\u00a0\u00a0\u00a0\u00a0\u00a0\u00a0\u00a0\u00a0\u00a0\u00a0\u00a0\u00a0\u00a0 do\u00f1a Rosa Mar\u00eda Martin\u00f3n,<\/p>\n<p>\u00a0\u00a0\u00a0\u00a0\u00a0\u00a0\u00a0\u00a0\u00a0\u00a0\u00a0\u00a0\u00a0\u00a0\u00a0\u00a0\u00a0\u00a0\u00a0\u00a0\u00a0\u00a0\u00a0\u00a0\u00a0\u00a0\u00a0\u00a0\u00a0\u00a0\u00a0\u00a0\u00a0\u00a0\u00a0\u00a0\u00a0 don Sebasti\u00e1n Monz\u00f3n y<\/p>\n<p>\u00a0\u00a0\u00a0\u00a0\u00a0\u00a0\u00a0\u00a0\u00a0\u00a0\u00a0\u00a0\u00a0\u00a0\u00a0\u00a0\u00a0\u00a0\u00a0\u00a0\u00a0\u00a0\u00a0\u00a0\u00a0\u00a0\u00a0\u00a0\u00a0\u00a0\u00a0\u00a0\u00a0\u00a0\u00a0\u00a0\u00a0 don V\u00edctor Saavedra<\/p>\n<p>&nbsp;<\/p>\n<p>Con toda seguridad, me quedan por nombrar, algunos m\u00e1s.<\/p>\n<p>Este, es el principal objetivo del encuentro po\u00e9tico, ya que el otro, se puede dejar de mencionar, porque es obvio, que, tanto para este precioso rinc\u00f3n como cualquier otro de nuestra ciudad, no tenemos porqu\u00e9, recurrir a la celebraci\u00f3n de un acto, para que en todo momento se encuentre en las m\u00ednimas condiciones de uso.<\/p>\n<p>Aprovechando el tema de hoy tratado, quiero acabar, haciendo una especial dedicatoria a mi mujer, Juana Molina Vega, por defender a ultranza este preciado rinc\u00f3n, que, aunque est\u00e9 dedicado a su padre, Bartolito el del Molino, tengo la seguridad de que lo hace por el bien de las personas que por \u00e9l transita, por su esp\u00edritu colaborador en bien de la sociedad galdense. Enfrent\u00e1ndose incluso, no solo con alg\u00fan que otro insolidario vecino, sino con algunos responsables pol\u00edticos por la falta de cuidado del mismo.<\/p>\n<p>Por ello, lo hago con un poema, escrito por otro galdense, Domingo Vel\u00e1zquez, en su libro \u201cLos Caminos\u201d. Viene como anillo al dedo, para todos aquellos, que, al contrario de mi mujer, no se comprometen con nada, se quejan en las esquinas y en baja voz, no haciendo uso de estos medios que hoy, afortunadamente, tenemos a nuestro alcance.<\/p>\n<p>El poema se titula \u201cCamino de Cada d\u00eda\u201d y dice as\u00ed:<\/p>\n<p>No te quedes dormido hasta las once.<\/p>\n<p>Baja a la calle<\/p>\n<p>Con el primer latido<\/p>\n<p>del d\u00eda.<\/p>\n<p>&nbsp;<\/p>\n<p>Ac\u00e9rcate a los seres que luchan desde el alba,<\/p>\n<p>aquellos que relevan<\/p>\n<p>A la \u00faltima estrella de la noche.<\/p>\n<p>&nbsp;<\/p>\n<p>No te quedes ah\u00ed.<\/p>\n<p>\u00a1Dec\u00eddete!<\/p>\n<p>Sal a la calle.<\/p>\n<p>M\u00e9zclate con el pueblo jadeante<\/p>\n<p>y palpa su fatiga.<\/p>\n<p>&nbsp;<\/p>\n<p>Carga su cruz un d\u00eda;<\/p>\n<p>un d\u00eda solamente,<\/p>\n<p>si puedes.<\/p>\n<p>Ver\u00e1s<\/p>\n<p>Que no es tan sencillo.<\/p>\n<p><em>\u00a0<\/em><\/p>\n<p>Muchas gracias a todas y a todos, y que tengamos un buen d\u00eda. \u00a1Hasta el pr\u00f3ximo Zurr\u00f3n!<\/p>\n<p>&nbsp;<\/p>\n<p style=\"text-align: right;\">\u00a0\u00a0\u00a0\u00a0\u00a0\u00a0\u00a0\u00a0\u00a0\u00a0\u00a0\u00a0\u00a0\u00a0\u00a0\u00a0\u00a0\u00a0\u00a0\u00a0\u00a0\u00a0\u00a0\u00a0\u00a0\u00a0\u00a0\u00a0\u00a0\u00a0\u00a0\u00a0\u00a0\u00a0\u00a0\u00a0\u00a0\u00a0\u00a0\u00a0\u00a0\u00a0\u00a0\u00a0\u00a0\u00a0\u00a0\u00a0\u00a0\u00a0\u00a0\u00a0\u00a0\u00a0\u00a0\u00a0\u00a0\u00a0\u00a0\u00a0\u00a0\u00a0\u00a0\u00a0\u00a0 <em>\u00c1NGEL RUIZ QUESADA<\/em><\/p>\n<p style=\"text-align: right;\"><em>\u00a0\u00a0\u00a0\u00a0\u00a0\u00a0\u00a0\u00a0\u00a0\u00a0\u00a0\u00a0\u00a0\u00a0\u00a0\u00a0\u00a0\u00a0\u00a0\u00a0\u00a0\u00a0\u00a0\u00a0\u00a0\u00a0\u00a0\u00a0\u00a0\u00a0\u00a0\u00a0\u00a0\u00a0\u00a0\u00a0\u00a0\u00a0\u00a0\u00a0\u00a0\u00a0\u00a0\u00a0\u00a0\u00a0\u00a0\u00a0\u00a0\u00a0\u00a0\u00a0\u00a0\u00a0\u00a0\u00a0\u00a0\u00a0\u00a0\u00a0\u00a0\u00a0\u00a0\u00a0\u00a0 G\u00e1ldar, Gran Canaria<\/em><\/p>\n<p>&nbsp;<\/p>\n","protected":false},"excerpt":{"rendered":"<p>Buenos D\u00edas a todas y a todos los oyentes. Hoy, [&hellip;]<\/p>\n","protected":false},"author":1,"featured_media":62899,"comment_status":"open","ping_status":"open","sticky":false,"template":"","format":"standard","meta":{"ngg_post_thumbnail":0,"footnotes":""},"categories":[73],"tags":[75],"class_list":["post-62894","post","type-post","status-publish","format-standard","has-post-thumbnail","hentry","category-zurron-radio-doramas","tag-radio-doramas"],"acf":[],"yoast_head":"<!-- This site is optimized with the Yoast SEO plugin v24.1 - https:\/\/yoast.com\/wordpress\/plugins\/seo\/ -->\n<title>Zurr\u00f3n de los Recuerdos &quot;Peque\u00f1a s\u00edntesis del Arte Po\u00e9tico en G\u00e1ldar, Gran Canaria, desde el a\u00f1o 1965&quot; - El Rinconcito de Mis Cositas<\/title>\n<meta name=\"robots\" content=\"index, follow, max-snippet:-1, max-image-preview:large, max-video-preview:-1\" \/>\n<link rel=\"canonical\" href=\"https:\/\/angelruizquesada.com\/borges\/zurron-de-los-recuerdos-pequena-sintesis-del-arte-poetico-en-galdar-gran-canaria-desde-el-ano-1965\/\" \/>\n<meta property=\"og:locale\" content=\"es_ES\" \/>\n<meta property=\"og:type\" content=\"article\" \/>\n<meta property=\"og:title\" content=\"Zurr\u00f3n de los Recuerdos &quot;Peque\u00f1a s\u00edntesis del Arte Po\u00e9tico en G\u00e1ldar, Gran Canaria, desde el a\u00f1o 1965&quot; - El Rinconcito de Mis Cositas\" \/>\n<meta property=\"og:description\" content=\"Buenos D\u00edas a todas y a todos los oyentes. Hoy, [&hellip;]\" \/>\n<meta property=\"og:url\" content=\"https:\/\/angelruizquesada.com\/borges\/zurron-de-los-recuerdos-pequena-sintesis-del-arte-poetico-en-galdar-gran-canaria-desde-el-ano-1965\/\" \/>\n<meta property=\"og:site_name\" content=\"El Rinconcito de Mis Cositas\" \/>\n<meta property=\"article:published_time\" content=\"2009-01-24T11:33:29+00:00\" \/>\n<meta property=\"article:modified_time\" content=\"2020-07-13T18:14:57+00:00\" \/>\n<meta property=\"og:image\" content=\"https:\/\/angelruizquesada.com\/borges\/wp-content\/uploads\/2009\/01\/zurron.png\" \/>\n\t<meta property=\"og:image:width\" content=\"385\" \/>\n\t<meta property=\"og:image:height\" content=\"385\" \/>\n\t<meta property=\"og:image:type\" content=\"image\/png\" \/>\n<meta name=\"author\" content=\"Mi rinconcito\" \/>\n<meta name=\"twitter:card\" content=\"summary_large_image\" \/>\n<meta name=\"twitter:label1\" content=\"Escrito por\" \/>\n\t<meta name=\"twitter:data1\" content=\"Mi rinconcito\" \/>\n\t<meta name=\"twitter:label2\" content=\"Tiempo de lectura\" \/>\n\t<meta name=\"twitter:data2\" content=\"15 minutos\" \/>\n<script type=\"application\/ld+json\" class=\"yoast-schema-graph\">{\"@context\":\"https:\/\/schema.org\",\"@graph\":[{\"@type\":\"WebPage\",\"@id\":\"https:\/\/angelruizquesada.com\/borges\/zurron-de-los-recuerdos-pequena-sintesis-del-arte-poetico-en-galdar-gran-canaria-desde-el-ano-1965\/\",\"url\":\"https:\/\/angelruizquesada.com\/borges\/zurron-de-los-recuerdos-pequena-sintesis-del-arte-poetico-en-galdar-gran-canaria-desde-el-ano-1965\/\",\"name\":\"Zurr\u00f3n de los Recuerdos \\\"Peque\u00f1a s\u00edntesis del Arte Po\u00e9tico en G\u00e1ldar, Gran Canaria, desde el a\u00f1o 1965\\\" - El Rinconcito de Mis Cositas\",\"isPartOf\":{\"@id\":\"https:\/\/angelruizquesada.com\/borges\/#website\"},\"primaryImageOfPage\":{\"@id\":\"https:\/\/angelruizquesada.com\/borges\/zurron-de-los-recuerdos-pequena-sintesis-del-arte-poetico-en-galdar-gran-canaria-desde-el-ano-1965\/#primaryimage\"},\"image\":{\"@id\":\"https:\/\/angelruizquesada.com\/borges\/zurron-de-los-recuerdos-pequena-sintesis-del-arte-poetico-en-galdar-gran-canaria-desde-el-ano-1965\/#primaryimage\"},\"thumbnailUrl\":\"https:\/\/angelruizquesada.com\/borges\/wp-content\/uploads\/2009\/01\/zurron.png\",\"datePublished\":\"2009-01-24T11:33:29+00:00\",\"dateModified\":\"2020-07-13T18:14:57+00:00\",\"author\":{\"@id\":\"https:\/\/angelruizquesada.com\/borges\/#\/schema\/person\/bed8ed0e1b0a82dd9c1ca872a1849130\"},\"breadcrumb\":{\"@id\":\"https:\/\/angelruizquesada.com\/borges\/zurron-de-los-recuerdos-pequena-sintesis-del-arte-poetico-en-galdar-gran-canaria-desde-el-ano-1965\/#breadcrumb\"},\"inLanguage\":\"es\",\"potentialAction\":[{\"@type\":\"ReadAction\",\"target\":[\"https:\/\/angelruizquesada.com\/borges\/zurron-de-los-recuerdos-pequena-sintesis-del-arte-poetico-en-galdar-gran-canaria-desde-el-ano-1965\/\"]}]},{\"@type\":\"ImageObject\",\"inLanguage\":\"es\",\"@id\":\"https:\/\/angelruizquesada.com\/borges\/zurron-de-los-recuerdos-pequena-sintesis-del-arte-poetico-en-galdar-gran-canaria-desde-el-ano-1965\/#primaryimage\",\"url\":\"https:\/\/angelruizquesada.com\/borges\/wp-content\/uploads\/2009\/01\/zurron.png\",\"contentUrl\":\"https:\/\/angelruizquesada.com\/borges\/wp-content\/uploads\/2009\/01\/zurron.png\",\"width\":385,\"height\":385},{\"@type\":\"BreadcrumbList\",\"@id\":\"https:\/\/angelruizquesada.com\/borges\/zurron-de-los-recuerdos-pequena-sintesis-del-arte-poetico-en-galdar-gran-canaria-desde-el-ano-1965\/#breadcrumb\",\"itemListElement\":[{\"@type\":\"ListItem\",\"position\":1,\"name\":\"Portada\",\"item\":\"https:\/\/angelruizquesada.com\/borges\/\"},{\"@type\":\"ListItem\",\"position\":2,\"name\":\"Zurr\u00f3n de los Recuerdos \u00abPeque\u00f1a s\u00edntesis del Arte Po\u00e9tico en G\u00e1ldar, Gran Canaria, desde el a\u00f1o 1965\u00bb\"}]},{\"@type\":\"WebSite\",\"@id\":\"https:\/\/angelruizquesada.com\/borges\/#website\",\"url\":\"https:\/\/angelruizquesada.com\/borges\/\",\"name\":\"El Rinconcito de Mis Cositas\",\"description\":\"Historia y Pol\u00edtica Social por \u00c1ngel Ruiz Quesada\",\"potentialAction\":[{\"@type\":\"SearchAction\",\"target\":{\"@type\":\"EntryPoint\",\"urlTemplate\":\"https:\/\/angelruizquesada.com\/borges\/?s={search_term_string}\"},\"query-input\":{\"@type\":\"PropertyValueSpecification\",\"valueRequired\":true,\"valueName\":\"search_term_string\"}}],\"inLanguage\":\"es\"},{\"@type\":\"Person\",\"@id\":\"https:\/\/angelruizquesada.com\/borges\/#\/schema\/person\/bed8ed0e1b0a82dd9c1ca872a1849130\",\"name\":\"Mi rinconcito\",\"image\":{\"@type\":\"ImageObject\",\"inLanguage\":\"es\",\"@id\":\"https:\/\/angelruizquesada.com\/borges\/#\/schema\/person\/image\/\",\"url\":\"https:\/\/secure.gravatar.com\/avatar\/fcdd16c55ef4043a344a51916d19857c?s=96&d=mm&r=g\",\"contentUrl\":\"https:\/\/secure.gravatar.com\/avatar\/fcdd16c55ef4043a344a51916d19857c?s=96&d=mm&r=g\",\"caption\":\"Mi rinconcito\"},\"sameAs\":[\"https:\/\/angelruizquesada.com\"],\"url\":\"https:\/\/angelruizquesada.com\/borges\/author\/borges\/\"}]}<\/script>\n<!-- \/ Yoast SEO plugin. -->","yoast_head_json":{"title":"Zurr\u00f3n de los Recuerdos \"Peque\u00f1a s\u00edntesis del Arte Po\u00e9tico en G\u00e1ldar, Gran Canaria, desde el a\u00f1o 1965\" - El Rinconcito de Mis Cositas","robots":{"index":"index","follow":"follow","max-snippet":"max-snippet:-1","max-image-preview":"max-image-preview:large","max-video-preview":"max-video-preview:-1"},"canonical":"https:\/\/angelruizquesada.com\/borges\/zurron-de-los-recuerdos-pequena-sintesis-del-arte-poetico-en-galdar-gran-canaria-desde-el-ano-1965\/","og_locale":"es_ES","og_type":"article","og_title":"Zurr\u00f3n de los Recuerdos \"Peque\u00f1a s\u00edntesis del Arte Po\u00e9tico en G\u00e1ldar, Gran Canaria, desde el a\u00f1o 1965\" - El Rinconcito de Mis Cositas","og_description":"Buenos D\u00edas a todas y a todos los oyentes. Hoy, [&hellip;]","og_url":"https:\/\/angelruizquesada.com\/borges\/zurron-de-los-recuerdos-pequena-sintesis-del-arte-poetico-en-galdar-gran-canaria-desde-el-ano-1965\/","og_site_name":"El Rinconcito de Mis Cositas","article_published_time":"2009-01-24T11:33:29+00:00","article_modified_time":"2020-07-13T18:14:57+00:00","og_image":[{"width":385,"height":385,"url":"https:\/\/angelruizquesada.com\/borges\/wp-content\/uploads\/2009\/01\/zurron.png","type":"image\/png"}],"author":"Mi rinconcito","twitter_card":"summary_large_image","twitter_misc":{"Escrito por":"Mi rinconcito","Tiempo de lectura":"15 minutos"},"schema":{"@context":"https:\/\/schema.org","@graph":[{"@type":"WebPage","@id":"https:\/\/angelruizquesada.com\/borges\/zurron-de-los-recuerdos-pequena-sintesis-del-arte-poetico-en-galdar-gran-canaria-desde-el-ano-1965\/","url":"https:\/\/angelruizquesada.com\/borges\/zurron-de-los-recuerdos-pequena-sintesis-del-arte-poetico-en-galdar-gran-canaria-desde-el-ano-1965\/","name":"Zurr\u00f3n de los Recuerdos \"Peque\u00f1a s\u00edntesis del Arte Po\u00e9tico en G\u00e1ldar, Gran Canaria, desde el a\u00f1o 1965\" - El Rinconcito de Mis Cositas","isPartOf":{"@id":"https:\/\/angelruizquesada.com\/borges\/#website"},"primaryImageOfPage":{"@id":"https:\/\/angelruizquesada.com\/borges\/zurron-de-los-recuerdos-pequena-sintesis-del-arte-poetico-en-galdar-gran-canaria-desde-el-ano-1965\/#primaryimage"},"image":{"@id":"https:\/\/angelruizquesada.com\/borges\/zurron-de-los-recuerdos-pequena-sintesis-del-arte-poetico-en-galdar-gran-canaria-desde-el-ano-1965\/#primaryimage"},"thumbnailUrl":"https:\/\/angelruizquesada.com\/borges\/wp-content\/uploads\/2009\/01\/zurron.png","datePublished":"2009-01-24T11:33:29+00:00","dateModified":"2020-07-13T18:14:57+00:00","author":{"@id":"https:\/\/angelruizquesada.com\/borges\/#\/schema\/person\/bed8ed0e1b0a82dd9c1ca872a1849130"},"breadcrumb":{"@id":"https:\/\/angelruizquesada.com\/borges\/zurron-de-los-recuerdos-pequena-sintesis-del-arte-poetico-en-galdar-gran-canaria-desde-el-ano-1965\/#breadcrumb"},"inLanguage":"es","potentialAction":[{"@type":"ReadAction","target":["https:\/\/angelruizquesada.com\/borges\/zurron-de-los-recuerdos-pequena-sintesis-del-arte-poetico-en-galdar-gran-canaria-desde-el-ano-1965\/"]}]},{"@type":"ImageObject","inLanguage":"es","@id":"https:\/\/angelruizquesada.com\/borges\/zurron-de-los-recuerdos-pequena-sintesis-del-arte-poetico-en-galdar-gran-canaria-desde-el-ano-1965\/#primaryimage","url":"https:\/\/angelruizquesada.com\/borges\/wp-content\/uploads\/2009\/01\/zurron.png","contentUrl":"https:\/\/angelruizquesada.com\/borges\/wp-content\/uploads\/2009\/01\/zurron.png","width":385,"height":385},{"@type":"BreadcrumbList","@id":"https:\/\/angelruizquesada.com\/borges\/zurron-de-los-recuerdos-pequena-sintesis-del-arte-poetico-en-galdar-gran-canaria-desde-el-ano-1965\/#breadcrumb","itemListElement":[{"@type":"ListItem","position":1,"name":"Portada","item":"https:\/\/angelruizquesada.com\/borges\/"},{"@type":"ListItem","position":2,"name":"Zurr\u00f3n de los Recuerdos \u00abPeque\u00f1a s\u00edntesis del Arte Po\u00e9tico en G\u00e1ldar, Gran Canaria, desde el a\u00f1o 1965\u00bb"}]},{"@type":"WebSite","@id":"https:\/\/angelruizquesada.com\/borges\/#website","url":"https:\/\/angelruizquesada.com\/borges\/","name":"El Rinconcito de Mis Cositas","description":"Historia y Pol\u00edtica Social por \u00c1ngel Ruiz Quesada","potentialAction":[{"@type":"SearchAction","target":{"@type":"EntryPoint","urlTemplate":"https:\/\/angelruizquesada.com\/borges\/?s={search_term_string}"},"query-input":{"@type":"PropertyValueSpecification","valueRequired":true,"valueName":"search_term_string"}}],"inLanguage":"es"},{"@type":"Person","@id":"https:\/\/angelruizquesada.com\/borges\/#\/schema\/person\/bed8ed0e1b0a82dd9c1ca872a1849130","name":"Mi rinconcito","image":{"@type":"ImageObject","inLanguage":"es","@id":"https:\/\/angelruizquesada.com\/borges\/#\/schema\/person\/image\/","url":"https:\/\/secure.gravatar.com\/avatar\/fcdd16c55ef4043a344a51916d19857c?s=96&d=mm&r=g","contentUrl":"https:\/\/secure.gravatar.com\/avatar\/fcdd16c55ef4043a344a51916d19857c?s=96&d=mm&r=g","caption":"Mi rinconcito"},"sameAs":["https:\/\/angelruizquesada.com"],"url":"https:\/\/angelruizquesada.com\/borges\/author\/borges\/"}]}},"_links":{"self":[{"href":"https:\/\/angelruizquesada.com\/borges\/wp-json\/wp\/v2\/posts\/62894","targetHints":{"allow":["GET"]}}],"collection":[{"href":"https:\/\/angelruizquesada.com\/borges\/wp-json\/wp\/v2\/posts"}],"about":[{"href":"https:\/\/angelruizquesada.com\/borges\/wp-json\/wp\/v2\/types\/post"}],"author":[{"embeddable":true,"href":"https:\/\/angelruizquesada.com\/borges\/wp-json\/wp\/v2\/users\/1"}],"replies":[{"embeddable":true,"href":"https:\/\/angelruizquesada.com\/borges\/wp-json\/wp\/v2\/comments?post=62894"}],"version-history":[{"count":4,"href":"https:\/\/angelruizquesada.com\/borges\/wp-json\/wp\/v2\/posts\/62894\/revisions"}],"predecessor-version":[{"id":62926,"href":"https:\/\/angelruizquesada.com\/borges\/wp-json\/wp\/v2\/posts\/62894\/revisions\/62926"}],"wp:featuredmedia":[{"embeddable":true,"href":"https:\/\/angelruizquesada.com\/borges\/wp-json\/wp\/v2\/media\/62899"}],"wp:attachment":[{"href":"https:\/\/angelruizquesada.com\/borges\/wp-json\/wp\/v2\/media?parent=62894"}],"wp:term":[{"taxonomy":"category","embeddable":true,"href":"https:\/\/angelruizquesada.com\/borges\/wp-json\/wp\/v2\/categories?post=62894"},{"taxonomy":"post_tag","embeddable":true,"href":"https:\/\/angelruizquesada.com\/borges\/wp-json\/wp\/v2\/tags?post=62894"}],"curies":[{"name":"wp","href":"https:\/\/api.w.org\/{rel}","templated":true}]}}