{"id":62865,"date":"2008-11-23T12:09:00","date_gmt":"2008-11-23T12:09:00","guid":{"rendered":"https:\/\/angelruizquesada.com\/?p=62865"},"modified":"2020-05-21T07:40:03","modified_gmt":"2020-05-21T07:40:03","slug":"zurron-de-los-recuerdos-una-calle-para-don-gonzalo-fernandez-parrilla-primer-parroco-en-la-montana-de-galdar-gran-canaria","status":"publish","type":"post","link":"https:\/\/angelruizquesada.com\/borges\/zurron-de-los-recuerdos-una-calle-para-don-gonzalo-fernandez-parrilla-primer-parroco-en-la-montana-de-galdar-gran-canaria\/","title":{"rendered":"Zurr\u00f3n de los Recuerdos \u00abUna calle para Don Gonzalo Fern\u00e1ndez Parrilla, primer p\u00e1rroco en\u00a0La Monta\u00f1a de G\u00e1ldar, Gran Canaria\u00bb"},"content":{"rendered":"<p class=\"dropcap-first\">A todas y a todos, muy buenos d\u00edas. Al Zurr\u00f3n de hoy lo he titulado:<\/p>\n<p><strong><em>Una calle para Don Gonzalo Fern\u00e1ndez Parrilla, primer p\u00e1rroco en\u00a0<\/em><\/strong><strong><em>La Monta\u00f1a<\/em><\/strong><strong><em> de G\u00e1ldar, Gran Canaria.<\/em><\/strong><\/p>\n<p>Cuando en estos d\u00edas buscaba en los archivos de casa el tema a tratar para el d\u00eda de hoy en este interesante programa \u201cEl Zurr\u00f3n de los recuerdos\u201d, curiosamente, me tropiezo con una de mis presentaciones, se trataba en concreto de la del pregonero de las Fiestas de la Monta\u00f1a del a\u00f1o 1989. Y digo \u201ccuriosamente\u201d porque los oyentes recordar\u00e1n que no hace muchos d\u00edas que le nombr\u00e9, y fue en una reflexi\u00f3n que dediqu\u00e9 a mi hija Raquel con motivo de su boda el d\u00eda 25 del pasado mes de octubre bajo el t\u00edtulo \u201cCrisis Democr\u00e1tica\u201d. Recordar\u00e1n tambi\u00e9n que dec\u00eda, que don Gonzalo se hab\u00eda desplazado desde San Bartolom\u00e9 de Lanzarote, que actualmente es su parroquia, para oficiar la misma en nuestro Templo de Santiago Ap\u00f3stol.<\/p>\n<p>Tambi\u00e9n no debemos olvidar y de agradecerle, que vino de celebrante a la misa solemne de la Parroquia de La Monta\u00f1a el 12 de octubre, d\u00eda en el que se celebra la fiesta principal en honor a Nuestra Se\u00f1ora de F\u00e1tima.<\/p>\n<p>Oir\u00e1n, como que en la presentaci\u00f3n que paso a leerles, hac\u00eda menci\u00f3n al empe\u00f1o que por aquellas fechas, ten\u00edamos los organizadores de las fiestas y los miembros del Grupo de Teatro Aj\u00f3dar, para que la subida de la Monta\u00f1a pasara a denominarse \u201cAvenida don Gonzalo Fern\u00e1ndez Parrilla\u201d, cosa que desafortunadamente no conseguimos.<\/p>\n<p>Por este motivo, el 20 de junio de este a\u00f1o, en mi preg\u00f3n a Santa Teresa de Jes\u00fas en Ca\u00f1ada Honda, le hac\u00eda la petici\u00f3n p\u00fablica al alcalde del pueblo all\u00ed presente, y era que, en vista que dicha avenida ya tiene el nombre de nuestros Canteros, se busque otra v\u00eda en la barriada para que as\u00ed se cumpla con una deuda contra\u00edda con el primer p\u00e1rroco que tuvo la Monta\u00f1a de G\u00e1ldar. Ojala Sr. Alcalde, \u00a1Ojala!<\/p>\n<p>Ahora, dejemos que nuestra imaginaci\u00f3n nos situ\u00e9 en el a\u00f1o 1989 para escuchar la presentaci\u00f3n que les narro del pregonero de las Fiestas.<\/p>\n<p><strong>PRESENTACI\u00d3N DEL PREGONERO DE LAS FIESTAS DE LA MONTA\u00d1A 1989<\/strong><\/p>\n<p>El pasado a\u00f1o, comenzaba mi preg\u00f3n, expresando mi preocupaci\u00f3n, y dec\u00eda que no era lo mismo colocar los micr\u00f3fonos que hablar por ellos, aunque tenga fama de no parecerlo y de hablar mucho.<\/p>\n<p>Quiero de nuevo recordar mi preocupaci\u00f3n, y este a\u00f1o a\u00fan m\u00e1s, aunque pueda resultar una comodidad, ya que si te eligen bien pa\u00adra pregonero o para presentador, tranquilamente puedes optar por dos posturas: hacerlo bien o renunciar. En relaci\u00f3n con lo segundo, renunciar, no me atrever\u00eda, ya que nac\u00ed, me cri\u00e9 y a\u00fan vivo aqu\u00ed, en La Monta\u00f1a, y no pienso cambiar mi domicilio por otro barrio, y como hijo de esta barriada, tengo la obligaci\u00f3n como cualquier otro de aportar lo que sea para el crecimiento de la misma.<\/p>\n<p>En relaci\u00f3n con lo primero, hacerlo bien, lo in\u00adtentar\u00e9 por todos los medios, no s\u00f3lo en respeto a ustedes que nos acompa\u00f1an esta noche y merecen todo nuestro empe\u00f1o en hacerles pasar una velada agradable, sino por el protagonista de la noche, don Gonzalo Fern\u00e1ndez Parrilla, cari\u00f1osamente conocido por \u201cDon Gonzalo\u201d. Es curioso que los que le tuteamos, y me refiero a los de \u00abmi era\u00bb, quiero decir, los de mi edad, seguimos llam\u00e1ndole \u201cDon Gonzalo\u201d, aunque sus apellidos y junto a su nom\u00adbre, un grupo de amigos, en reconocimiento al bien social que Don Gonzalo brind\u00f3 a La Monta\u00f1a durante tantos a\u00f1os, estuvimos intentando sin \u00e9xito alguno, que la subida al barrio se llamase \u00abAvenida Gonzalo Fern\u00e1ndez Parrilla\u00bb. Decimos que sin \u00e9xito, pero a\u00fan no perdemos las esperanzas. No perdemos las esperanzas ya que las personas que est\u00e1n por ahora al frente de la entidad m\u00e1s representativa del Barrio, \u201cLa Asociaci6n de Vecinos Nuestra Se\u00f1ora de F\u00e1tima\u201d, ha seguido de alguna manera, las buenas \u00adcostumbres que se iniciaron en principio: la Calle y Placa muy bien merecida a Don Abraham Gonz\u00e1lez Arencibia y la Calle igual de merecida a \u201cCarmeli\u00adta la Maestra\u201d. Y es que somos as\u00ed de agradecidos, quiz\u00e1s por aquel refr\u00e1n que nos recuerda nuestros mayores: \u201cde bien nacidos es ser agradecidos\u201d.<\/p>\n<p>Bien, ahora me llega lo m\u00e1s dif\u00edcil, s\u00ed, lo m\u00e1s dif\u00edcil: hablar de un hombre que dedic\u00f3 tantos a\u00f1os a nuestro barrio y que lo ten\u00adga que hacer en cinco minutos, eso, es bastante dif\u00edcil, por ello con tal de ser\u00ad lo m\u00e1s breve posible recurrir\u00e9 a frases o an\u00e9cdotas que no por m\u00e1s importantes me vienen al recuerdo.<\/p>\n<p>Alguien dec\u00eda: Don Gonzalo, hombre joven, moderno, de mirada sere\u00adna, penetrante que ha llenado de inquietudes a La Monta\u00f1a, de trato abierto y palabra confiada. Hombre de valerosa paciencia que ha sabido engarzar los ideales de toda la gente del pueblo hasta poner en marcha un molino de voluntades, que va moliendo lentamente, pero en fino, todas las ilusiones que aqu\u00ed se engendran.<\/p>\n<p>Lanzarote, su Isla, curiosamente, si siete son las Islas Canarias, siete son los municipios de Lanzarote: Arrecife, su capital, Har\u00eda, San Bartolom\u00e9, Teguise, T\u00edas, Yaiza y por \u00faltimo, Tinajo, su pueblo natal, all\u00ed, en Morro del Viento, concretamente en la Zona Noroeste de la Isla nace Don Gonzalo. Primero fueron sus hermanos Jos\u00e9 Lu\u00eds, Mari Carmen, y luego su hermano Antonio, \u00e9ste \u00faltimo, unos minutos antes que \u00e9l, su hermano gemelo. F\u00edjense hasta donde llega la humildad de Don Gonzalo, que en el momento del nacimiento le dijo a su hermano\u00a0\u00a0\u00a0\u00a0\u00a0\u00a0\u00a0\u00a0 -Antonio, \u00a1pasa t\u00fa primero! &#8211; y luego naci\u00f3 \u00e9l. A continuaci\u00f3n, le seguir\u00edan dos hermanos m\u00e1s, Gloria y por \u00faltimo Abe1ardo. Creo que, de todos, Abelardo es el m\u00e1s tiempo que ha pasado con nosotros por aqu\u00ed, en La Monta\u00f1a.<\/p>\n<p>Su Iglesia, San Roque, a 400 metros de su casa, que junto a la de Nuestra Se\u00f1ora de los Dolores, m\u00e1s conocida por Nuestra Se\u00f1ora de los Vo1canes, sumaban unos 3.500 feligreses. All\u00ed, en San Roque y con gran regocijo por parte de todos los familiares, recib\u00edan el bautizo los dos gemelos. Eran tan parecidos que a veces se creaba la normal confusi\u00f3n familiar, nunca naturalmente, para Carmen o \u00abmadre\u00bb como as\u00ed le llaman, ni mucho menos para Jos\u00e9, o \u00abPadre\u201d.<\/p>\n<p>Se dice que de much\u00edsimos a\u00f1os hacia atr\u00e1s hab\u00eda en la fami1ia otro Cura, pero actualmente y hasta la fecha es el \u00fanico caso vocacional existente en Tinajo. Con 14 a\u00f1itos reci\u00e9n cumplidos, salen los dos hermanos hacia el Seminario de Las Palmas de Gran Canaria en la calle Doctor Chi1, no sin antes pasar por el Instituto de Arrecife donde recibieron sus pri\u00admeros estudios. Luego al Seminario de Taf&#8217;ira, siempre unidos. Aqu\u00ed \u00a0\u00a0recuerdo una an\u00e9cdota que a veces el propio Don Gonzalo nos contaba: -\u00e9ramos tan unidos, que a veces por casualidad compr\u00e1bamos un pu1over, y cuando lleg\u00e1bamos a casa el otro hab\u00eda compra\u00addo otro del mismo color. Pero esta uni\u00f3n, parad\u00f3jicamente acab\u00f3 con la Iglesia, digo parad\u00f3jicamente y con el mayor cari\u00f1o, ya que cuando nos casamos el sacerdote, nos dice: -\u00ablo que la Iglesia une que no lo separe el hombre\u00bb-, Pues los dos hermanos recibieron las Orde\u00adnes en La Catedral y a continuaci\u00f3n a Antonio lo mandan al Valle de San Roque en Telde y a Don Gonzalo de Coadjutor en la Iglesia de Nuestra Se\u00f1ora del Pino en Teror.<\/p>\n<p>Celebraron la primera misa en su Iglesia de San Roque en Lanzarote un feliz verano del a\u00f1o 1967. A continuaci\u00f3n, lo enviaron a la Iglesia de Jin\u00e1mar, desde all\u00ed viene de p\u00e1rroco a la Monta\u00f1a, fue un 27 de octubre de 1969. Y como \u00e9l dec\u00eda a veces, se encontr\u00f3 con una gente deseosa de tener un Cura en medio de ellas, con una zona tradicional en aquellos momentos. Personas con dificultades de arrancar y romper con una se\u00adrie de pr\u00e1cticas, con dificultades tambi\u00e9n de practicar un cristianismo m\u00e1s comprometido. Pero, aunque \u00e9l dijera muchas veces que no era la persona id\u00f3nea lo logr\u00f3. Lo logr\u00f3 porque a \u00e9l le debemos muchos de nosotros el que nos hayamos comprometido m\u00e1s con la sociedad, con la familia y con los hijos, gracias a aquellas c\u00e9lebres reuniones de juventud y reuniones de matrimonios. Ahora estamos viviendo de una forma m\u00e1s comprometida, saboreando unos buenos frutos gracias a las semillas por \u00e9l sembrada.<\/p>\n<p>El tambi\u00e9n est\u00e1 recogiendo sus frutos, muy bien merecidos. Cuando le preguntas a cualquier profesor del Instituto de Santa Mar\u00eda de Gu\u00eda, donde impart\u00eda sus clases, autom\u00e1ticamente te dicen, -De Don Gonzalo estar\u00edamos hablando horas y no terminar\u00edamos-. Se conserva un buen recuerdo no s\u00f3lo en los alumnos, sino tambi\u00e9n en los profesores, ya que se destacaba por su ejemplaridad, dedicaci\u00f3n, cari\u00f1o y dem\u00e1s cualidades humanas, destac\u00e1ndose tambi\u00e9n fundamentalmente su gran preocupaci\u00f3n por la problem\u00e1tica juvenil.<\/p>\n<p>Cuando nos dej\u00f3 lo enviaron a Gran Tarajal en la isla de Fuerteventura. Lo pri\u00admero que hizo cuando lleg\u00f3 fue, proponer a la comisi\u00f3n de festejos una representaci\u00f3n del Grupo teatral Aj\u00f3dar. Esta fue nuestra primera salida de la Isla.<\/p>\n<p>Despu\u00e9s vuelve al Seminario, pero en esta ocasi\u00f3n de formador, y, nuevamente a nuestro pueblo. Pero en este caso, nada m\u00e1s y nada menos que de Vicario Episcopal del Noroeste.<\/p>\n<p>Se\u00f1oras y se\u00f1ores, con todos ustedes, el Reverendo Se\u00f1or Vicario Episcopal don Gonzalo Fern\u00e1ndez Parrilla, pero para nosotros Don Gonzalo, NUESTRO FLAMANTE PREGONERO DE LAS FIESTAS PATRONALES EN HONOR A NUESTRA SE\u00d1ORA DE F\u00c1TIMA 1.989.<\/p>\n<p>El texto del Preg\u00f3n, quiero reservarlo para el propio Don Gonzalo, que afortunadamente nos acompa\u00f1a todav\u00eda y con esperanzas de muchos a\u00f1os, quiz\u00e1s alg\u00fan d\u00eda le debi\u00e9ramos invitar para que lo diserte personalmente en uno de los Zurrones de cada s\u00e1bado.<\/p>\n<p>Quiero cerrar la intervenci\u00f3n en el d\u00eda de hoy, a\u00fan con el programa de dichas fiestas en mis manos, ley\u00e9ndoles un precioso poema que el desaparecido poeta, escritor y Premio Canarias de Literatura Manuel Padorno Navarro, nos dedic\u00f3 a los vecinos de La Monta\u00f1a y que posteriormente lo public\u00f3 en 1986, en su libro <em>Una bebida desconocida<\/em>.<\/p>\n<p style=\"text-align: center;\"><strong><em><u>LA MONTA\u00d1A DE<\/u><\/em><\/strong><strong><em><u> G\u00c1LDAR<\/u><\/em><\/strong><\/p>\n<p>&nbsp;<\/p>\n<p>\u00a0\u00a0\u00a0\u00a0\u00a0\u00a0\u00a0\u00a0\u00a0\u00a0\u00a0\u00a0\u00a0\u00a0\u00a0\u00a0\u00a0\u00a0\u00a0\u00a0\u00a0\u00a0\u00a0\u00a0\u00a0\u00a0\u00a0\u00a0\u00a0\u00a0\u00a0\u00a0\u00a0\u00a0\u00a0\u00a0\u00a0 El volc\u00e1n se derrama lentamente<\/p>\n<p>\u00a0\u00a0\u00a0\u00a0\u00a0\u00a0\u00a0\u00a0\u00a0\u00a0\u00a0\u00a0\u00a0\u00a0\u00a0\u00a0\u00a0\u00a0\u00a0\u00a0\u00a0\u00a0\u00a0\u00a0\u00a0\u00a0\u00a0\u00a0\u00a0\u00a0\u00a0\u00a0\u00a0\u00a0\u00a0\u00a0\u00a0 en la luz, en el vaso del silencio.<\/p>\n<p>&nbsp;<\/p>\n<p>\u00a0\u00a0\u00a0\u00a0\u00a0\u00a0\u00a0\u00a0\u00a0\u00a0\u00a0\u00a0\u00a0\u00a0\u00a0\u00a0\u00a0\u00a0\u00a0\u00a0\u00a0\u00a0\u00a0\u00a0\u00a0\u00a0\u00a0\u00a0\u00a0\u00a0\u00a0\u00a0\u00a0\u00a0\u00a0\u00a0\u00a0 La monta\u00f1a tendida sobre el lecho<\/p>\n<p>\u00a0\u00a0\u00a0\u00a0\u00a0\u00a0\u00a0\u00a0\u00a0\u00a0\u00a0\u00a0\u00a0\u00a0\u00a0\u00a0\u00a0\u00a0\u00a0\u00a0\u00a0\u00a0\u00a0\u00a0\u00a0\u00a0\u00a0\u00a0\u00a0\u00a0\u00a0\u00a0\u00a0\u00a0\u00a0\u00a0\u00a0 del aire (renacida) y su oleaje<\/p>\n<p>\u00a0\u00a0\u00a0\u00a0\u00a0\u00a0\u00a0\u00a0\u00a0\u00a0\u00a0\u00a0\u00a0\u00a0\u00a0\u00a0\u00a0\u00a0\u00a0\u00a0\u00a0\u00a0\u00a0\u00a0\u00a0\u00a0\u00a0\u00a0\u00a0\u00a0\u00a0\u00a0\u00a0\u00a0\u00a0\u00a0\u00a0 el cielo trasparenta, fulge dentro<\/p>\n<p>\u00a0\u00a0\u00a0\u00a0\u00a0\u00a0\u00a0\u00a0\u00a0\u00a0\u00a0\u00a0\u00a0\u00a0\u00a0\u00a0\u00a0\u00a0\u00a0\u00a0\u00a0\u00a0\u00a0\u00a0\u00a0\u00a0\u00a0\u00a0\u00a0\u00a0\u00a0\u00a0\u00a0\u00a0\u00a0\u00a0\u00a0 la l\u00e1mpara de lava, el ave quieta<\/p>\n<p>\u00a0\u00a0\u00a0\u00a0\u00a0\u00a0\u00a0\u00a0\u00a0\u00a0\u00a0\u00a0\u00a0\u00a0\u00a0\u00a0\u00a0\u00a0\u00a0\u00a0\u00a0\u00a0\u00a0\u00a0\u00a0\u00a0\u00a0\u00a0\u00a0\u00a0\u00a0\u00a0\u00a0\u00a0\u00a0\u00a0\u00a0 alumbra mineral en su fijeza<\/p>\n<p>\u00a0\u00a0\u00a0\u00a0\u00a0\u00a0\u00a0\u00a0 \u00a0\u00a0\u00a0\u00a0\u00a0\u00a0\u00a0\u00a0\u00a0\u00a0\u00a0\u00a0\u00a0\u00a0\u00a0\u00a0\u00a0\u00a0\u00a0\u00a0\u00a0\u00a0\u00a0\u00a0\u00a0\u00a0\u00a0 conduce el vuelo p\u00e9treo y posa donde<\/p>\n<p>\u00a0\u00a0\u00a0\u00a0\u00a0\u00a0\u00a0\u00a0\u00a0\u00a0\u00a0\u00a0\u00a0\u00a0\u00a0\u00a0\u00a0\u00a0\u00a0\u00a0\u00a0\u00a0\u00a0\u00a0\u00a0\u00a0\u00a0\u00a0\u00a0\u00a0\u00a0\u00a0\u00a0\u00a0\u00a0\u00a0\u00a0 el volc\u00e1n alimenta <em>la flor seca,<\/em><\/p>\n<p>\u00a0\u00a0\u00a0\u00a0\u00a0\u00a0\u00a0\u00a0\u00a0\u00a0\u00a0\u00a0\u00a0\u00a0\u00a0\u00a0\u00a0\u00a0\u00a0\u00a0\u00a0\u00a0\u00a0\u00a0\u00a0\u00a0\u00a0\u00a0\u00a0\u00a0\u00a0\u00a0\u00a0\u00a0\u00a0\u00a0\u00a0 salitre delirante de la aulaga<\/p>\n<p>\u00a0\u00a0\u00a0\u00a0\u00a0\u00a0\u00a0\u00a0\u00a0\u00a0\u00a0\u00a0\u00a0\u00a0\u00a0\u00a0\u00a0\u00a0\u00a0\u00a0\u00a0\u00a0\u00a0\u00a0\u00a0\u00a0\u00a0\u00a0\u00a0\u00a0\u00a0\u00a0\u00a0\u00a0\u00a0\u00a0\u00a0 azufra vegetal, cuida la planta<\/p>\n<p>\u00a0\u00a0\u00a0\u00a0\u00a0\u00a0\u00a0\u00a0 \u00a0\u00a0\u00a0\u00a0\u00a0\u00a0\u00a0\u00a0\u00a0\u00a0\u00a0\u00a0\u00a0\u00a0\u00a0\u00a0\u00a0\u00a0\u00a0\u00a0\u00a0\u00a0\u00a0\u00a0\u00a0\u00a0\u00a0 \u00edntima con asombro y mimo, siente<\/p>\n<p>\u00a0\u00a0\u00a0\u00a0\u00a0\u00a0\u00a0\u00a0\u00a0\u00a0\u00a0\u00a0\u00a0\u00a0\u00a0\u00a0\u00a0\u00a0\u00a0\u00a0\u00a0\u00a0\u00a0\u00a0\u00a0\u00a0\u00a0\u00a0\u00a0\u00a0\u00a0\u00a0\u00a0\u00a0\u00a0\u00a0\u00a0 que en ella sola su ceniza brota<\/p>\n<p>\u00a0\u00a0\u00a0\u00a0\u00a0\u00a0\u00a0\u00a0\u00a0\u00a0\u00a0\u00a0\u00a0\u00a0\u00a0\u00a0\u00a0\u00a0\u00a0\u00a0\u00a0\u00a0\u00a0\u00a0\u00a0\u00a0\u00a0\u00a0\u00a0\u00a0\u00a0\u00a0\u00a0\u00a0\u00a0\u00a0\u00a0 viva, renace, vuelve y da la vida;<\/p>\n<p>\u00a0\u00a0\u00a0\u00a0\u00a0\u00a0\u00a0\u00a0\u00a0\u00a0\u00a0\u00a0\u00a0\u00a0\u00a0\u00a0\u00a0\u00a0\u00a0\u00a0\u00a0\u00a0\u00a0\u00a0\u00a0\u00a0\u00a0\u00a0\u00a0\u00a0\u00a0\u00a0\u00a0\u00a0\u00a0\u00a0\u00a0 el volc\u00e1n oferente la derrama<\/p>\n<p>\u00a0\u00a0\u00a0\u00a0\u00a0\u00a0\u00a0\u00a0\u00a0\u00a0\u00a0\u00a0\u00a0\u00a0\u00a0\u00a0\u00a0\u00a0\u00a0\u00a0\u00a0\u00a0\u00a0\u00a0\u00a0\u00a0\u00a0\u00a0\u00a0\u00a0\u00a0\u00a0\u00a0\u00a0\u00a0\u00a0\u00a0 dentro en el interior, mano del aire<\/p>\n<p>\u00a0\u00a0\u00a0\u00a0\u00a0\u00a0\u00a0\u00a0\u00a0\u00a0\u00a0\u00a0\u00a0\u00a0\u00a0\u00a0\u00a0\u00a0\u00a0\u00a0\u00a0\u00a0\u00a0\u00a0\u00a0\u00a0\u00a0\u00a0\u00a0\u00a0\u00a0\u00a0\u00a0\u00a0\u00a0\u00a0\u00a0 baja la flor humilde m\u00e1s extra\u00f1a<\/p>\n<p>\u00a0\u00a0\u00a0\u00a0\u00a0\u00a0\u00a0\u00a0\u00a0\u00a0\u00a0\u00a0\u00a0\u00a0\u00a0\u00a0\u00a0\u00a0\u00a0\u00a0\u00a0\u00a0\u00a0\u00a0\u00a0\u00a0\u00a0\u00a0\u00a0\u00a0\u00a0\u00a0\u00a0\u00a0\u00a0\u00a0\u00a0 en su jarra invisible, s\u00f3lo entonces<\/p>\n<p>\u00a0\u00a0\u00a0\u00a0\u00a0\u00a0\u00a0\u00a0\u00a0\u00a0\u00a0\u00a0\u00a0\u00a0\u00a0\u00a0\u00a0\u00a0\u00a0\u00a0\u00a0\u00a0\u00a0\u00a0\u00a0\u00a0\u00a0\u00a0\u00a0\u00a0\u00a0\u00a0\u00a0\u00a0\u00a0\u00a0\u00a0 el vaso cristaliza y alguien suelda<\/p>\n<p>\u00a0\u00a0\u00a0\u00a0\u00a0\u00a0\u00a0\u00a0\u00a0\u00a0\u00a0\u00a0\u00a0\u00a0\u00a0\u00a0\u00a0\u00a0\u00a0\u00a0\u00a0\u00a0\u00a0\u00a0\u00a0\u00a0\u00a0\u00a0\u00a0\u00a0\u00a0\u00a0\u00a0\u00a0\u00a0\u00a0\u00a0 el habitante a su monta\u00f1a, suelda<\/p>\n<p>\u00a0\u00a0\u00a0\u00a0\u00a0\u00a0\u00a0\u00a0\u00a0\u00a0\u00a0\u00a0\u00a0\u00a0\u00a0\u00a0\u00a0\u00a0\u00a0\u00a0\u00a0\u00a0\u00a0\u00a0\u00a0\u00a0\u00a0\u00a0\u00a0\u00a0\u00a0\u00a0\u00a0\u00a0\u00a0\u00a0\u00a0 una inmensa ra\u00edz en cada piedra,<\/p>\n<p>\u00a0\u00a0\u00a0\u00a0\u00a0\u00a0\u00a0\u00a0\u00a0\u00a0\u00a0\u00a0\u00a0\u00a0\u00a0\u00a0\u00a0\u00a0\u00a0\u00a0\u00a0\u00a0\u00a0\u00a0\u00a0\u00a0\u00a0\u00a0\u00a0\u00a0\u00a0\u00a0\u00a0\u00a0\u00a0\u00a0\u00a0 en cada muro, en cada calle, en cada<\/p>\n<p>\u00a0\u00a0\u00a0\u00a0\u00a0\u00a0\u00a0\u00a0\u00a0\u00a0\u00a0\u00a0\u00a0\u00a0\u00a0\u00a0\u00a0\u00a0\u00a0\u00a0\u00a0\u00a0\u00a0\u00a0\u00a0\u00a0\u00a0\u00a0\u00a0\u00a0\u00a0\u00a0\u00a0\u00a0\u00a0\u00a0\u00a0 puerta, inmensa ra\u00edz sostiene cada<\/p>\n<p>\u00a0\u00a0\u00a0\u00a0\u00a0\u00a0\u00a0\u00a0\u00a0\u00a0\u00a0\u00a0\u00a0\u00a0\u00a0\u00a0\u00a0\u00a0\u00a0\u00a0\u00a0\u00a0\u00a0\u00a0\u00a0\u00a0\u00a0\u00a0\u00a0\u00a0\u00a0\u00a0\u00a0\u00a0\u00a0\u00a0\u00a0 mano cordial, cimenta el interior<\/p>\n<p>\u00a0\u00a0\u00a0\u00a0\u00a0\u00a0\u00a0\u00a0\u00a0\u00a0\u00a0\u00a0\u00a0\u00a0\u00a0\u00a0\u00a0\u00a0\u00a0\u00a0\u00a0\u00a0\u00a0\u00a0\u00a0\u00a0\u00a0\u00a0\u00a0\u00a0\u00a0\u00a0\u00a0\u00a0\u00a0\u00a0\u00a0 del hombre, entra\u00f1a cada casa, cr\u00eda<\/p>\n<p>\u00a0\u00a0\u00a0\u00a0\u00a0\u00a0\u00a0\u00a0\u00a0\u00a0\u00a0\u00a0\u00a0\u00a0\u00a0\u00a0\u00a0\u00a0\u00a0\u00a0\u00a0\u00a0\u00a0\u00a0\u00a0\u00a0\u00a0\u00a0\u00a0\u00a0\u00a0\u00a0\u00a0\u00a0\u00a0\u00a0\u00a0 el aire su monta\u00f1a propia, trenza<\/p>\n<p>\u00a0\u00a0\u00a0\u00a0\u00a0\u00a0\u00a0\u00a0\u00a0\u00a0\u00a0\u00a0\u00a0\u00a0\u00a0\u00a0\u00a0\u00a0\u00a0\u00a0\u00a0\u00a0\u00a0\u00a0\u00a0\u00a0\u00a0\u00a0\u00a0\u00a0\u00a0\u00a0\u00a0\u00a0\u00a0\u00a0\u00a0 amoroso su fe a lo que ama, enlaza<\/p>\n<p>\u00a0\u00a0\u00a0\u00a0\u00a0\u00a0\u00a0\u00a0 \u00a0\u00a0\u00a0\u00a0\u00a0\u00a0\u00a0\u00a0\u00a0\u00a0\u00a0\u00a0\u00a0\u00a0\u00a0\u00a0\u00a0\u00a0 \u00a0\u00a0\u00a0\u00a0\u00a0\u00a0\u00a0\u00a0 el objeto real a la mirada, da<\/p>\n<p>\u00a0\u00a0\u00a0\u00a0\u00a0\u00a0\u00a0\u00a0\u00a0\u00a0\u00a0\u00a0\u00a0\u00a0\u00a0\u00a0\u00a0\u00a0\u00a0\u00a0\u00a0\u00a0\u00a0\u00a0\u00a0\u00a0\u00a0\u00a0\u00a0\u00a0\u00a0\u00a0\u00a0\u00a0\u00a0\u00a0\u00a0 la mano al vaso que usa, la ventana<\/p>\n<p>\u00a0\u00a0\u00a0\u00a0\u00a0\u00a0\u00a0\u00a0\u00a0\u00a0\u00a0\u00a0\u00a0\u00a0\u00a0\u00a0\u00a0\u00a0\u00a0\u00a0\u00a0\u00a0\u00a0\u00a0\u00a0\u00a0\u00a0\u00a0\u00a0\u00a0\u00a0\u00a0\u00a0\u00a0\u00a0\u00a0\u00a0 abre a la luz, acerca aquella silla<\/p>\n<p>\u00a0\u00a0\u00a0\u00a0\u00a0\u00a0\u00a0\u00a0\u00a0\u00a0\u00a0\u00a0\u00a0\u00a0\u00a0\u00a0\u00a0\u00a0\u00a0\u00a0\u00a0\u00a0\u00a0\u00a0\u00a0\u00a0\u00a0\u00a0\u00a0\u00a0\u00a0\u00a0\u00a0\u00a0\u00a0\u00a0\u00a0 a la figura del cansancio, pone<\/p>\n<p>\u00a0\u00a0\u00a0\u00a0\u00a0\u00a0\u00a0\u00a0\u00a0\u00a0\u00a0\u00a0\u00a0\u00a0\u00a0\u00a0\u00a0\u00a0\u00a0\u00a0\u00a0\u00a0\u00a0\u00a0\u00a0\u00a0\u00a0\u00a0\u00a0\u00a0\u00a0\u00a0\u00a0\u00a0\u00a0\u00a0\u00a0 el mantel, parte el pan sobre la mesa;<\/p>\n<p>\u00a0\u00a0\u00a0\u00a0\u00a0\u00a0\u00a0\u00a0\u00a0\u00a0\u00a0\u00a0\u00a0\u00a0\u00a0\u00a0\u00a0\u00a0\u00a0\u00a0\u00a0\u00a0\u00a0\u00a0\u00a0\u00a0\u00a0\u00a0\u00a0\u00a0\u00a0\u00a0\u00a0\u00a0\u00a0\u00a0\u00a0 la luz talla la estancia. Alguien vierte<\/p>\n<p>\u00a0\u00a0\u00a0\u00a0\u00a0\u00a0\u00a0\u00a0\u00a0\u00a0\u00a0\u00a0\u00a0\u00a0\u00a0\u00a0\u00a0\u00a0\u00a0\u00a0\u00a0\u00a0\u00a0\u00a0\u00a0\u00a0\u00a0\u00a0\u00a0\u00a0\u00a0\u00a0\u00a0\u00a0\u00a0\u00a0\u00a0 el ramo de ceniza viva en la alegr\u00eda,<\/p>\n<p>\u00a0\u00a0\u00a0\u00a0\u00a0\u00a0\u00a0\u00a0\u00a0\u00a0\u00a0\u00a0\u00a0\u00a0\u00a0\u00a0\u00a0\u00a0\u00a0\u00a0\u00a0\u00a0\u00a0\u00a0\u00a0\u00a0\u00a0\u00a0\u00a0\u00a0\u00a0\u00a0\u00a0\u00a0\u00a0\u00a0\u00a0 comienza el fruto terrenal y orea<\/p>\n<p>\u00a0\u00a0\u00a0\u00a0\u00a0\u00a0\u00a0\u00a0\u00a0\u00a0\u00a0\u00a0\u00a0\u00a0\u00a0\u00a0\u00a0\u00a0\u00a0\u00a0\u00a0\u00a0\u00a0\u00a0\u00a0\u00a0\u00a0\u00a0\u00a0\u00a0\u00a0\u00a0\u00a0\u00a0\u00a0\u00a0\u00a0 dentro en el interior de cada mano,<\/p>\n<p>\u00a0\u00a0\u00a0\u00a0\u00a0\u00a0\u00a0\u00a0\u00a0\u00a0\u00a0\u00a0\u00a0\u00a0\u00a0\u00a0\u00a0\u00a0\u00a0\u00a0\u00a0\u00a0\u00a0\u00a0\u00a0\u00a0\u00a0\u00a0\u00a0\u00a0\u00a0\u00a0\u00a0\u00a0\u00a0\u00a0\u00a0 la monta\u00f1a derrama dulcemente<\/p>\n<p>\u00a0\u00a0\u00a0\u00a0\u00a0\u00a0\u00a0\u00a0\u00a0\u00a0\u00a0\u00a0\u00a0\u00a0\u00a0\u00a0\u00a0\u00a0\u00a0\u00a0\u00a0\u00a0\u00a0\u00a0\u00a0\u00a0\u00a0\u00a0\u00a0\u00a0\u00a0\u00a0\u00a0\u00a0\u00a0\u00a0\u00a0 la claridad humana que se escancia<\/p>\n<p>\u00a0\u00a0\u00a0\u00a0\u00a0\u00a0\u00a0\u00a0\u00a0\u00a0\u00a0\u00a0\u00a0\u00a0\u00a0\u00a0\u00a0\u00a0\u00a0\u00a0\u00a0\u00a0\u00a0\u00a0\u00a0\u00a0\u00a0\u00a0\u00a0\u00a0\u00a0\u00a0\u00a0\u00a0\u00a0\u00a0\u00a0 en la luz, en el vaso de la tierra:<\/p>\n<p>\u00a0\u00a0\u00a0\u00a0\u00a0\u00a0\u00a0\u00a0\u00a0\u00a0\u00a0\u00a0\u00a0\u00a0\u00a0\u00a0\u00a0\u00a0\u00a0\u00a0\u00a0\u00a0\u00a0\u00a0\u00a0\u00a0\u00a0\u00a0\u00a0\u00a0\u00a0\u00a0\u00a0\u00a0\u00a0\u00a0\u00a0 recostado en la tierra, beba tierra;<\/p>\n<p>\u00a0\u00a0\u00a0\u00a0\u00a0\u00a0\u00a0\u00a0\u00a0\u00a0\u00a0\u00a0\u00a0\u00a0\u00a0\u00a0\u00a0\u00a0\u00a0\u00a0\u00a0\u00a0\u00a0\u00a0\u00a0\u00a0\u00a0\u00a0\u00a0\u00a0\u00a0\u00a0\u00a0\u00a0\u00a0\u00a0\u00a0 monta\u00f1a cuerpo de mujer el aire<\/p>\n<p>Muchas gracias a todos y a todas, feliz fin de semana y hasta el Zurr\u00f3n del pr\u00f3ximo s\u00e1bado.<\/p>\n<p>S\u00e1bado, 23 de noviembre de 2008<\/p>\n","protected":false},"excerpt":{"rendered":"<p>A todas y a todos, muy buenos d\u00edas. Al Zurr\u00f3n [&hellip;]<\/p>\n","protected":false},"author":1,"featured_media":0,"comment_status":"open","ping_status":"open","sticky":false,"template":"","format":"standard","meta":{"ngg_post_thumbnail":0,"footnotes":""},"categories":[73],"tags":[],"class_list":["post-62865","post","type-post","status-publish","format-standard","hentry","category-zurron-radio-doramas"],"acf":[],"yoast_head":"<!-- This site is optimized with the Yoast SEO plugin v24.1 - https:\/\/yoast.com\/wordpress\/plugins\/seo\/ -->\n<title>Zurr\u00f3n de los Recuerdos &quot;Una calle para Don Gonzalo Fern\u00e1ndez Parrilla, primer p\u00e1rroco en\u00a0La Monta\u00f1a de G\u00e1ldar, Gran Canaria&quot; - El Rinconcito de Mis Cositas<\/title>\n<meta name=\"robots\" content=\"index, follow, max-snippet:-1, max-image-preview:large, max-video-preview:-1\" \/>\n<link rel=\"canonical\" href=\"https:\/\/angelruizquesada.com\/borges\/zurron-de-los-recuerdos-una-calle-para-don-gonzalo-fernandez-parrilla-primer-parroco-en-la-montana-de-galdar-gran-canaria\/\" \/>\n<meta property=\"og:locale\" content=\"es_ES\" \/>\n<meta property=\"og:type\" content=\"article\" \/>\n<meta property=\"og:title\" content=\"Zurr\u00f3n de los Recuerdos &quot;Una calle para Don Gonzalo Fern\u00e1ndez Parrilla, primer p\u00e1rroco en\u00a0La Monta\u00f1a de G\u00e1ldar, Gran Canaria&quot; - El Rinconcito de Mis Cositas\" \/>\n<meta property=\"og:description\" content=\"A todas y a todos, muy buenos d\u00edas. Al Zurr\u00f3n [&hellip;]\" \/>\n<meta property=\"og:url\" content=\"https:\/\/angelruizquesada.com\/borges\/zurron-de-los-recuerdos-una-calle-para-don-gonzalo-fernandez-parrilla-primer-parroco-en-la-montana-de-galdar-gran-canaria\/\" \/>\n<meta property=\"og:site_name\" content=\"El Rinconcito de Mis Cositas\" \/>\n<meta property=\"article:published_time\" content=\"2008-11-23T12:09:00+00:00\" \/>\n<meta property=\"article:modified_time\" content=\"2020-05-21T07:40:03+00:00\" \/>\n<meta name=\"author\" content=\"Mi rinconcito\" \/>\n<meta name=\"twitter:card\" content=\"summary_large_image\" \/>\n<meta name=\"twitter:label1\" content=\"Escrito por\" \/>\n\t<meta name=\"twitter:data1\" content=\"Mi rinconcito\" \/>\n\t<meta name=\"twitter:label2\" content=\"Tiempo de lectura\" \/>\n\t<meta name=\"twitter:data2\" content=\"11 minutos\" \/>\n<script type=\"application\/ld+json\" class=\"yoast-schema-graph\">{\"@context\":\"https:\/\/schema.org\",\"@graph\":[{\"@type\":\"WebPage\",\"@id\":\"https:\/\/angelruizquesada.com\/borges\/zurron-de-los-recuerdos-una-calle-para-don-gonzalo-fernandez-parrilla-primer-parroco-en-la-montana-de-galdar-gran-canaria\/\",\"url\":\"https:\/\/angelruizquesada.com\/borges\/zurron-de-los-recuerdos-una-calle-para-don-gonzalo-fernandez-parrilla-primer-parroco-en-la-montana-de-galdar-gran-canaria\/\",\"name\":\"Zurr\u00f3n de los Recuerdos \\\"Una calle para Don Gonzalo Fern\u00e1ndez Parrilla, primer p\u00e1rroco en\u00a0La Monta\u00f1a de G\u00e1ldar, Gran Canaria\\\" - El Rinconcito de Mis Cositas\",\"isPartOf\":{\"@id\":\"https:\/\/angelruizquesada.com\/borges\/#website\"},\"datePublished\":\"2008-11-23T12:09:00+00:00\",\"dateModified\":\"2020-05-21T07:40:03+00:00\",\"author\":{\"@id\":\"https:\/\/angelruizquesada.com\/borges\/#\/schema\/person\/bed8ed0e1b0a82dd9c1ca872a1849130\"},\"breadcrumb\":{\"@id\":\"https:\/\/angelruizquesada.com\/borges\/zurron-de-los-recuerdos-una-calle-para-don-gonzalo-fernandez-parrilla-primer-parroco-en-la-montana-de-galdar-gran-canaria\/#breadcrumb\"},\"inLanguage\":\"es\",\"potentialAction\":[{\"@type\":\"ReadAction\",\"target\":[\"https:\/\/angelruizquesada.com\/borges\/zurron-de-los-recuerdos-una-calle-para-don-gonzalo-fernandez-parrilla-primer-parroco-en-la-montana-de-galdar-gran-canaria\/\"]}]},{\"@type\":\"BreadcrumbList\",\"@id\":\"https:\/\/angelruizquesada.com\/borges\/zurron-de-los-recuerdos-una-calle-para-don-gonzalo-fernandez-parrilla-primer-parroco-en-la-montana-de-galdar-gran-canaria\/#breadcrumb\",\"itemListElement\":[{\"@type\":\"ListItem\",\"position\":1,\"name\":\"Portada\",\"item\":\"https:\/\/angelruizquesada.com\/borges\/\"},{\"@type\":\"ListItem\",\"position\":2,\"name\":\"Zurr\u00f3n de los Recuerdos \u00abUna calle para Don Gonzalo Fern\u00e1ndez Parrilla, primer p\u00e1rroco en\u00a0La Monta\u00f1a de G\u00e1ldar, Gran Canaria\u00bb\"}]},{\"@type\":\"WebSite\",\"@id\":\"https:\/\/angelruizquesada.com\/borges\/#website\",\"url\":\"https:\/\/angelruizquesada.com\/borges\/\",\"name\":\"El Rinconcito de Mis Cositas\",\"description\":\"Historia y Pol\u00edtica Social por \u00c1ngel Ruiz Quesada\",\"potentialAction\":[{\"@type\":\"SearchAction\",\"target\":{\"@type\":\"EntryPoint\",\"urlTemplate\":\"https:\/\/angelruizquesada.com\/borges\/?s={search_term_string}\"},\"query-input\":{\"@type\":\"PropertyValueSpecification\",\"valueRequired\":true,\"valueName\":\"search_term_string\"}}],\"inLanguage\":\"es\"},{\"@type\":\"Person\",\"@id\":\"https:\/\/angelruizquesada.com\/borges\/#\/schema\/person\/bed8ed0e1b0a82dd9c1ca872a1849130\",\"name\":\"Mi rinconcito\",\"image\":{\"@type\":\"ImageObject\",\"inLanguage\":\"es\",\"@id\":\"https:\/\/angelruizquesada.com\/borges\/#\/schema\/person\/image\/\",\"url\":\"https:\/\/secure.gravatar.com\/avatar\/fcdd16c55ef4043a344a51916d19857c?s=96&d=mm&r=g\",\"contentUrl\":\"https:\/\/secure.gravatar.com\/avatar\/fcdd16c55ef4043a344a51916d19857c?s=96&d=mm&r=g\",\"caption\":\"Mi rinconcito\"},\"sameAs\":[\"https:\/\/angelruizquesada.com\"],\"url\":\"https:\/\/angelruizquesada.com\/borges\/author\/borges\/\"}]}<\/script>\n<!-- \/ Yoast SEO plugin. -->","yoast_head_json":{"title":"Zurr\u00f3n de los Recuerdos \"Una calle para Don Gonzalo Fern\u00e1ndez Parrilla, primer p\u00e1rroco en\u00a0La Monta\u00f1a de G\u00e1ldar, Gran Canaria\" - El Rinconcito de Mis Cositas","robots":{"index":"index","follow":"follow","max-snippet":"max-snippet:-1","max-image-preview":"max-image-preview:large","max-video-preview":"max-video-preview:-1"},"canonical":"https:\/\/angelruizquesada.com\/borges\/zurron-de-los-recuerdos-una-calle-para-don-gonzalo-fernandez-parrilla-primer-parroco-en-la-montana-de-galdar-gran-canaria\/","og_locale":"es_ES","og_type":"article","og_title":"Zurr\u00f3n de los Recuerdos \"Una calle para Don Gonzalo Fern\u00e1ndez Parrilla, primer p\u00e1rroco en\u00a0La Monta\u00f1a de G\u00e1ldar, Gran Canaria\" - El Rinconcito de Mis Cositas","og_description":"A todas y a todos, muy buenos d\u00edas. Al Zurr\u00f3n [&hellip;]","og_url":"https:\/\/angelruizquesada.com\/borges\/zurron-de-los-recuerdos-una-calle-para-don-gonzalo-fernandez-parrilla-primer-parroco-en-la-montana-de-galdar-gran-canaria\/","og_site_name":"El Rinconcito de Mis Cositas","article_published_time":"2008-11-23T12:09:00+00:00","article_modified_time":"2020-05-21T07:40:03+00:00","author":"Mi rinconcito","twitter_card":"summary_large_image","twitter_misc":{"Escrito por":"Mi rinconcito","Tiempo de lectura":"11 minutos"},"schema":{"@context":"https:\/\/schema.org","@graph":[{"@type":"WebPage","@id":"https:\/\/angelruizquesada.com\/borges\/zurron-de-los-recuerdos-una-calle-para-don-gonzalo-fernandez-parrilla-primer-parroco-en-la-montana-de-galdar-gran-canaria\/","url":"https:\/\/angelruizquesada.com\/borges\/zurron-de-los-recuerdos-una-calle-para-don-gonzalo-fernandez-parrilla-primer-parroco-en-la-montana-de-galdar-gran-canaria\/","name":"Zurr\u00f3n de los Recuerdos \"Una calle para Don Gonzalo Fern\u00e1ndez Parrilla, primer p\u00e1rroco en\u00a0La Monta\u00f1a de G\u00e1ldar, Gran Canaria\" - El Rinconcito de Mis Cositas","isPartOf":{"@id":"https:\/\/angelruizquesada.com\/borges\/#website"},"datePublished":"2008-11-23T12:09:00+00:00","dateModified":"2020-05-21T07:40:03+00:00","author":{"@id":"https:\/\/angelruizquesada.com\/borges\/#\/schema\/person\/bed8ed0e1b0a82dd9c1ca872a1849130"},"breadcrumb":{"@id":"https:\/\/angelruizquesada.com\/borges\/zurron-de-los-recuerdos-una-calle-para-don-gonzalo-fernandez-parrilla-primer-parroco-en-la-montana-de-galdar-gran-canaria\/#breadcrumb"},"inLanguage":"es","potentialAction":[{"@type":"ReadAction","target":["https:\/\/angelruizquesada.com\/borges\/zurron-de-los-recuerdos-una-calle-para-don-gonzalo-fernandez-parrilla-primer-parroco-en-la-montana-de-galdar-gran-canaria\/"]}]},{"@type":"BreadcrumbList","@id":"https:\/\/angelruizquesada.com\/borges\/zurron-de-los-recuerdos-una-calle-para-don-gonzalo-fernandez-parrilla-primer-parroco-en-la-montana-de-galdar-gran-canaria\/#breadcrumb","itemListElement":[{"@type":"ListItem","position":1,"name":"Portada","item":"https:\/\/angelruizquesada.com\/borges\/"},{"@type":"ListItem","position":2,"name":"Zurr\u00f3n de los Recuerdos \u00abUna calle para Don Gonzalo Fern\u00e1ndez Parrilla, primer p\u00e1rroco en\u00a0La Monta\u00f1a de G\u00e1ldar, Gran Canaria\u00bb"}]},{"@type":"WebSite","@id":"https:\/\/angelruizquesada.com\/borges\/#website","url":"https:\/\/angelruizquesada.com\/borges\/","name":"El Rinconcito de Mis Cositas","description":"Historia y Pol\u00edtica Social por \u00c1ngel Ruiz Quesada","potentialAction":[{"@type":"SearchAction","target":{"@type":"EntryPoint","urlTemplate":"https:\/\/angelruizquesada.com\/borges\/?s={search_term_string}"},"query-input":{"@type":"PropertyValueSpecification","valueRequired":true,"valueName":"search_term_string"}}],"inLanguage":"es"},{"@type":"Person","@id":"https:\/\/angelruizquesada.com\/borges\/#\/schema\/person\/bed8ed0e1b0a82dd9c1ca872a1849130","name":"Mi rinconcito","image":{"@type":"ImageObject","inLanguage":"es","@id":"https:\/\/angelruizquesada.com\/borges\/#\/schema\/person\/image\/","url":"https:\/\/secure.gravatar.com\/avatar\/fcdd16c55ef4043a344a51916d19857c?s=96&d=mm&r=g","contentUrl":"https:\/\/secure.gravatar.com\/avatar\/fcdd16c55ef4043a344a51916d19857c?s=96&d=mm&r=g","caption":"Mi rinconcito"},"sameAs":["https:\/\/angelruizquesada.com"],"url":"https:\/\/angelruizquesada.com\/borges\/author\/borges\/"}]}},"_links":{"self":[{"href":"https:\/\/angelruizquesada.com\/borges\/wp-json\/wp\/v2\/posts\/62865","targetHints":{"allow":["GET"]}}],"collection":[{"href":"https:\/\/angelruizquesada.com\/borges\/wp-json\/wp\/v2\/posts"}],"about":[{"href":"https:\/\/angelruizquesada.com\/borges\/wp-json\/wp\/v2\/types\/post"}],"author":[{"embeddable":true,"href":"https:\/\/angelruizquesada.com\/borges\/wp-json\/wp\/v2\/users\/1"}],"replies":[{"embeddable":true,"href":"https:\/\/angelruizquesada.com\/borges\/wp-json\/wp\/v2\/comments?post=62865"}],"version-history":[{"count":2,"href":"https:\/\/angelruizquesada.com\/borges\/wp-json\/wp\/v2\/posts\/62865\/revisions"}],"predecessor-version":[{"id":62870,"href":"https:\/\/angelruizquesada.com\/borges\/wp-json\/wp\/v2\/posts\/62865\/revisions\/62870"}],"wp:attachment":[{"href":"https:\/\/angelruizquesada.com\/borges\/wp-json\/wp\/v2\/media?parent=62865"}],"wp:term":[{"taxonomy":"category","embeddable":true,"href":"https:\/\/angelruizquesada.com\/borges\/wp-json\/wp\/v2\/categories?post=62865"},{"taxonomy":"post_tag","embeddable":true,"href":"https:\/\/angelruizquesada.com\/borges\/wp-json\/wp\/v2\/tags?post=62865"}],"curies":[{"name":"wp","href":"https:\/\/api.w.org\/{rel}","templated":true}]}}