{"id":62536,"date":"2002-04-06T23:15:00","date_gmt":"2002-04-06T23:15:00","guid":{"rendered":"https:\/\/angelruizquesada.com\/2002\/04\/06\/me-preguntas-porque-el-grupo-de-teatro-ajodar-dejo-de-representar-el-auto-de-los-reyes-magos\/"},"modified":"2020-05-05T06:55:04","modified_gmt":"2020-05-05T06:55:04","slug":"me-preguntas-porque-el-grupo-de-teatro-ajodar-dejo-de-representar-el-auto-de-los-reyes-magos","status":"publish","type":"post","link":"https:\/\/angelruizquesada.com\/borges\/me-preguntas-porque-el-grupo-de-teatro-ajodar-dejo-de-representar-el-auto-de-los-reyes-magos\/","title":{"rendered":"\u00bfMe preguntas porqu\u00e9 EL Grupo de Teatro Aj\u00f3dar dej\u00f3 de representar el AUTO DE LOS REYES MAGOS?"},"content":{"rendered":"<p class=\"dropcap-first\">\n<div align=\"center\" style=\"text-align: center;\"><span style=\"font-size: 16pt;\">Te invito a leer el presente art\u00edculo publicado en el Diario de Las Palmas en su p\u00e1gina 16 del s\u00e1bado, 28 de diciembre de 1991 bajo el t\u00edtulo<o:p><\/o:p><\/span><\/div>\n<div align=\"center\" style=\"text-align: center;\"><\/div>\n<div align=\"center\" style=\"text-align: center;\"><span style=\"font-size: 16pt;\">El Grupo \u201cAj\u00f3dar\u201d y el Auto de los Reyes<o:p><\/o:p><\/span><\/div>\n<div align=\"center\" style=\"text-align: center;\"><\/div>\n<div style=\"text-align: justify;\"><span style=\"font-size: 16pt;\">&nbsp;&nbsp;&nbsp;&nbsp;&nbsp;&nbsp;&nbsp;&nbsp; El Grupo de Teatro Aj\u00f3dar, de la ciudad de G\u00e1ldar, comunica al p\u00fablico en general que no se celebrar\u00e1 el tradicional Auto de los Reyes Magos, pieza teatral escrita en verso que se remonta a principios del siglo XVIII y representado en las escalinatas del frontis del Templo de Santiago Ap\u00f3stol desde primeros a\u00f1os del presente siglo y en los \u00faltimos 15 a\u00f1os adaptado, organizado y representado por este grupo de teatro, no profesional, en colaboraci\u00f3n con otros colectivos y particulares, tanto de esta ciudad como de fuera. Todos juntos han conseguido que el Auto de los Reyes Magos de G\u00e1ldar sea declarado de inter\u00e9s regional desde 1988.<o:p><\/o:p><\/span><\/div>\n<div style=\"text-align: justify;\"><\/div>\n<div style=\"text-align: justify;\"><span style=\"font-size: 16pt;\">&nbsp;&nbsp;&nbsp;&nbsp;&nbsp;&nbsp;&nbsp;&nbsp; Es de lamentar que toda esta labor de montaje y de coordinaci\u00f3n entre todas y cada una de las distintas entidades que participan en esa noche m\u00e1gica, se vea obligada a comenzar su andadura en la calle, en el frontis de la iglesia, ya que toda la infraestructura&nbsp; (andamios y madera para megafon\u00eda, luz v\u00eddeo y control), escenograf\u00eda (4 escenarios m\u00f3viles con sus decorados, mobiliario y accesos) y vestuario (ropas para m\u00e1s de 300 personajes de cualquier edad: pastores, soldados romanos, esclavas, sanedr\u00edn, etc.) est\u00e9n repartidos en diferentes locales y en casas particulares, prestadas por nuestros amigos.<o:p><\/o:p><\/span><\/div>\n<div style=\"text-align: justify;\"><\/div>\n<div style=\"text-align: justify;\"><span style=\"font-size: 16pt;\">&nbsp;&nbsp;&nbsp;&nbsp;&nbsp;&nbsp;&nbsp;&nbsp; Aj\u00f3dar considera que un evento de la magnitud rese\u00f1ada merece un sal\u00f3n donde est\u00e9n los escenarios instalados todo el a\u00f1o y se puedan restaurar con mucha antelaci\u00f3n (no hacerlo en la calle y s\u00f3lo del 1 al 5 de enero) o la realizaci\u00f3n de otros nuevos. Donde el vestuario se pueda planchar y guardar c\u00f3modamente, incluso etiquetarlo. No meterlo el d\u00eda 6 de enero, a\u00fan sudado, en cajas de cart\u00f3n, repartir \u00e9stas entre nosotros, sacarlas el pr\u00f3ximo a\u00f1o, tres d\u00edas antes, lavarlas y plancharlas en nuestras casas para entregarlas con cierta dignidad esa noche. Donde se pueda preparar con calma el montaje musical y no dejarlo, por falta de un sitio adecuado para los \u00faltimos d\u00edas (el 3 o el 4 de enero) en casa de una amiga, incluso con su equipo musical.<o:p><\/o:p><\/span><\/div>\n<div style=\"text-align: justify;\"><\/div>\n<div style=\"text-align: justify;\"><span style=\"font-size: 16pt;\">&nbsp;&nbsp;&nbsp;&nbsp;&nbsp;&nbsp;&nbsp;&nbsp; Donde se pueda ir preparando y ensayando cada escena (son m\u00e1s de 42) desde mediados de a\u00f1o. Hay que tener en cuenta que aunque el Auto lo organiza el Grupo de Teatro Aj\u00f3dar, no todos los que esa noche participan (m\u00e1s de 300 personas) son actores. Muchos se incorporan a la escena&nbsp; s\u00f3lo dos d\u00edas antes, al ver a sus amigas y amigos en los ensayos en el frontis de la iglesia; donde podamos usar un tel\u00e9fono para las gestiones de organizaci\u00f3n, as\u00ed como relaciones con los medios de comunicaci\u00f3n. Donde podamos estar localizados y no usar el del Colegio de Jes\u00fas Sacramentado, el del Casino o el nuestro particular. Donde reunirnos con los responsables de cada \u00e1rea: ballet, monta\u00f1eros, luz, sonido. Etc. (no hacerlo en los bares de la zona). Hablar de novedades en el sal\u00f3n donde mientras unos vamos pintando una madera, a la vez, nuestras familias colaboran en otras tareas.<o:p><\/o:p><\/span><\/div>\n<div style=\"text-align: justify;\"><\/div>\n<div style=\"text-align: justify;\"><span style=\"font-size: 16pt;\">&nbsp;&nbsp;&nbsp;&nbsp;&nbsp;&nbsp;&nbsp;&nbsp; Por todas estas cuestiones que hemos enumerado, hemos pedido a <st1:personname product w:st=\"on\">la  Administraci\u00f3n<\/st1:personname>, en varias ocasiones, contemple nuestras necesidades, tanto de local como econ\u00f3micas, no habiendo sido atendidas durante estos 15 a\u00f1os. Posiblemente el p\u00fablico que ha visto el espect\u00e1culo cree que todo esto estaba cubierto y no comprende nuestro des\u00e1nimo, pero hay que decir que todo lo que se ve esa noche lo organiza exclusivamente 5 personas sin la colaboraci\u00f3n del Ayuntamiento y preparado desde el 1 al mismo d\u00eda 5 de enero. Son ya muchos a\u00f1os haciendo esta labor de una forma totalmente altruista y reivindicamos, porque no podemos aguantar m\u00e1s que se nos conceda un sal\u00f3n techado, con agua, luz y tel\u00e9fono, donde poder llevar a cabo esta labor.<o:p><\/o:p><\/span><\/div>\n<div style=\"text-align: justify;\"><\/div>\n<div style=\"text-align: justify;\"><span style=\"font-size: 16pt;\">&nbsp;&nbsp;&nbsp;&nbsp;&nbsp;&nbsp;&nbsp;&nbsp; El Grupo de Teatro Aj\u00f3dar no puede salir otro a\u00f1o m\u00e1s a la calle el d\u00eda 1 de enero a empezar a colocar los mismos decorados de siempre, correr detr\u00e1s de concejales para ver si el cami\u00f3n del Ayuntamiento puede traer los focos, o nos deja un par de hombres. Localizado el concejal, \u00e9ste te manda al jefe de personal ma\u00f1ana a las 6 de la ma\u00f1ana, \u00e9ste te mande al alcalde para que le d\u00e9 la orden oportuna, \u00e9ste te mande\u2026 Llegar a las 10 de la noche y a esa hora, empezar a ensayar con los actores, escena por escena; actores que faltan al ensayo porque dicen que es muy tarde; sin embargo tampoco han venido por la ma\u00f1ana ni por la tarde a recoger su ropaje o a trabajar en el frontis, junto al peque\u00f1o grupo de hombres que all\u00ed est\u00e1, desde primeras horas del d\u00eda, hasta bien entrada la noche, como si les fuera la vida en el empe\u00f1o, sin nada a cambio, \u2026\u201dsin esperar recompensa\u201d\u2026 pero a\u00fan para esos 5 hombres, ya dadas las 12 o la 1 de la noche, les espera lo \u00faltimo. Ma\u00f1ana s\u00f3lo ser\u00e1 <st1:metricconverter product w:st=\"on\">4 a<\/st1:metricconverter> trabajar. Falta saber qui\u00e9n se queda esa noche de guardia. S\u00ed, de guardia. No se ha conseguido nunca la orden del alcalde para nombrar un agente (el propio Brigada de <st1:personname product w:st=\"on\"><st1:personname product w:st=\"on\">la Polic\u00eda<\/st1:personname> Local<\/st1:personname> as\u00ed nos lo ha indicado, ya que \u00e9l carece de poder para esas decisiones) que vigile los escenarios, megafon\u00eda y luz instalados (recordamos con pena como una a\u00f1o robaron 4 ruedas).<o:p><\/o:p><\/span><\/div>\n<div style=\"text-align: justify;\"><\/div>\n<div style=\"text-align: justify;\"><span style=\"font-size: 16pt;\">&nbsp;&nbsp;&nbsp;&nbsp;&nbsp;&nbsp;&nbsp;&nbsp; Todo tiene un l\u00edmite. \u00a1Ya est\u00e1 bien! Tenemos muy a nuestro pesar que parar en nuestro empe\u00f1o. Hace 15 a\u00f1os, la gente se encontraba, de repente, en medio de la calle, con un grupo de muchachos vestidos de romanos y de muchachas vestidas de esclavas, el Rey Herodes y los 3 Reyes Magos. Todos a pie se abr\u00edan camino hacia el frontis. Pero hoy d\u00eda hay gentes que desde las 5 de la tarde esperan c\u00f3modamente sentados ante los escenarios o ante la pantalla gigante de v\u00eddeo all\u00ed instalada para ver el espect\u00e1culo. Se congregan gentes venidas de todos los lugares de la isla, api\u00f1ados en las aceras de la c\/ Capit\u00e1n Quesada y aleda\u00f1os de <st1:personname product w:st=\"on\">la Plaza<\/st1:personname> de Santiago. Toda G\u00e1ldar tiene el aspecto de una fiesta multitudinaria. Esas gentes han llegado, como \u201cguiadas por la estrella\u201d, para ver el Auto de los Reyes Magos, 300 actores, 100.000 W. de luz 6.000 W. de sonido. Un \u00e1ngel que baja desde el campanario de <st1:personname product w:st=\"on\">la Torre<\/st1:personname> de <st1:personname product w:st=\"on\"><st1:personname product w:st=\"on\">la Iglesia.<\/st1:personname> Caballos<\/st1:personname> y camellos, 2,5 millones de pesetas.<o:p><\/o:p><\/span><\/div>\n<div style=\"text-align: justify;\"><\/div>\n<div style=\"text-align: justify;\"><span style=\"font-size: 16pt;\">&nbsp;&nbsp;&nbsp;&nbsp;&nbsp;&nbsp;&nbsp;&nbsp; Con este desolador panorama, Aj\u00f3dar no puede salir al frontis y encender los mechones del Palacio de Herodes. Son 15 a\u00f1os consumi\u00e9ndonos. Hay tan poca estopa en nuestra alma y tan poco fuego en nuestro coraz\u00f3n que si encendemos este a\u00f1o tememos que la m\u00e1s m\u00ednima r\u00e1faga de aire apague ese fuego. Se consume la mecha y ya nunca m\u00e1s se vuelva a encender. En resumen, morir\u00eda el Auto de los Reyes Magos.<o:p><\/o:p><\/span><\/div>\n<div style=\"text-align: justify;\"><\/div>\n<div style=\"text-align: justify;\"><span style=\"font-size: 16pt;\">&nbsp;&nbsp;&nbsp;&nbsp;&nbsp;&nbsp;&nbsp;&nbsp; Por las razones expuestas y reunidos en Asamblea General el pasado 20-12-91, en el Casino de G\u00e1ldar, se ha tomado entre otros el siguiente acuerdo: a) Reivindicar, una vez m\u00e1s, un sal\u00f3n donde conservar toda esa infraestructura. El auto debe ser para los directivos de Aj\u00f3dar un hobby, no una mortificaci\u00f3n y un sufrimiento. Mucho menos una obligaci\u00f3n. b) elevar a rango de trianual la representaci\u00f3n teatral&nbsp; del Auto de los Reyes Magos, en base a su car\u00e1cter de inter\u00e9s regional y a poder realizarlo con una mayor brillantez, siempre que espiritualmente, con su apoyo manifiesto, el pueblo no nos lo demande antes y que <st1:personname product w:st=\"on\">la  Administraci\u00f3n<\/st1:personname> atienda nuestras necesidades. c) Mostrar de una forma p\u00fablica nuestro m\u00e1s sincero agradecimiento a todos aquellos que de una forma u otra, y siempre en la medida de sus posibilidades, han colaborado al realce del Auto de los Reyes Magos, y de forma muy especial a <st1:personname product w:st=\"on\"><st1:personname product w:st=\"on\">la   Cruz<\/st1:personname> Roja<\/st1:personname> (Santa Mar\u00eda de Gu\u00eda) y a todos los comercios de G\u00e1ldar que han respondido a nuestra llamada y han marcado con apoyo un r\u00e9cord en caramelos: <st1:metricconverter product w:st=\"on\">5.000  kg<\/st1:metricconverter>. Para una noche de Reyes.<o:p><\/o:p><\/span><\/div>\n<div style=\"text-align: justify;\"><\/div>\n<div style=\"text-align: justify;\"><span style=\"font-size: 16pt;\">&nbsp;&nbsp;&nbsp;&nbsp;&nbsp;&nbsp;&nbsp;&nbsp; As\u00ed, pues, el pr\u00f3ximo a\u00f1o 1992 no tendr\u00e1 lugar la representaci\u00f3n teatral del Auto de los Reyes Magos, pero si esperamos con mucha ilusi\u00f3n encontrarnos todos nuevamente, en el frontis del templo de Santiago el 5 de enero de 1994.<o:p><\/o:p><\/span><\/div>\n<div style=\"text-align: justify;\"><\/div>\n<div style=\"text-align: justify;\"><span style=\"font-size: 16pt;\">&nbsp;&nbsp;&nbsp;&nbsp;&nbsp;&nbsp;&nbsp;&nbsp; Feliz Navidad y muchos reyes a todos.<o:p><\/o:p><\/span><\/div>\n<div style=\"text-align: justify;\"><\/div>\n<div style=\"text-align: justify;\"><span style=\"font-size: 16pt;\">&nbsp;&nbsp;&nbsp;&nbsp;&nbsp;&nbsp;&nbsp;&nbsp;&nbsp;&nbsp;&nbsp;&nbsp;&nbsp;&nbsp;&nbsp;&nbsp;&nbsp;&nbsp;&nbsp;&nbsp;&nbsp;&nbsp;&nbsp;&nbsp;&nbsp;&nbsp;&nbsp;&nbsp;&nbsp;&nbsp;&nbsp;&nbsp;&nbsp;&nbsp;&nbsp;&nbsp;&nbsp;&nbsp;&nbsp;&nbsp;&nbsp;&nbsp;&nbsp;&nbsp;&nbsp;&nbsp;&nbsp;&nbsp;&nbsp;&nbsp;&nbsp;&nbsp;&nbsp;&nbsp;&nbsp; <b style=\"mso-bidi-font-weight: normal;\">GRUPO DE TEATRO AJ\u00d3DAR<o:p><\/o:p><\/b><\/span><\/div>\n<div style=\"text-align: justify;\"><\/div>\n<div style=\"text-align: justify;\"><\/div>\n<div style=\"text-align: justify;\"><st1:personname product w:st=\"on\"><i style=\"mso-bidi-font-style: normal;\"><span style=\"font-size: 16pt;\">La Corporaci\u00f3n<\/span><\/i><\/st1:personname><i style=\"mso-bidi-font-style: normal;\"><span style=\"font-size: 16pt;\"> galdense, en vez de llegar a un acuerdo con el grupo organizador, decidi\u00f3 asumir la representaci\u00f3n&nbsp; del Auto de los Reyes Magos, olvid\u00e1ndose totalmente del Grupo de Teatro Aj\u00f3dar.<o:p><\/o:p><\/span><\/i><\/div>\n<div style=\"text-align: justify;\"><\/div>\n<div style=\"text-align: justify;\"><i style=\"mso-bidi-font-style: normal;\"><span style=\"font-size: 16pt;\">Esta informaci\u00f3n la encontrar\u00e1s ampliada en el libro <b style=\"mso-bidi-font-weight: normal;\">El Auto de los Reyes Magos. G\u00e1ldar Gran Canaria \u00c1ngel Ruiz Quesada (Grupo de Teatro Aj\u00f3dar). <o:p><\/o:p><\/b><\/span><\/i><\/div>\n<div style=\"text-align: justify;\"><\/div>\n<div style=\"text-align: justify;\"><i style=\"mso-bidi-font-style: normal;\"><span style=\"font-size: 16pt;\">Editado por <st1:personname product w:st=\"on\"><st1:personname product w:st=\"on\">la Fundaci\u00f3n<\/st1:personname> Puertos<\/st1:personname> de Las Palmas y <st1:personname product w:st=\"on\">la Asociaci\u00f3n<\/st1:personname> de Consignatarios y Estibadores de Buques. A\u00f1o 2001.&nbsp;<span style=\"font-variant: small-caps;\"><o:p><\/o:p><\/span><\/span><\/i><\/div>\n","protected":false},"excerpt":{"rendered":"<p>Te invito a leer el presente art\u00edculo publicado en el [&hellip;]<\/p>\n","protected":false},"author":2,"featured_media":0,"comment_status":"open","ping_status":"open","sticky":false,"template":"","format":"standard","meta":{"ngg_post_thumbnail":0,"footnotes":""},"categories":[70,1],"tags":[],"class_list":["post-62536","post","type-post","status-publish","format-standard","hentry","category-mis-articulos","category-uncategorized"],"acf":[],"yoast_head":"<!-- This site is optimized with the Yoast SEO plugin v24.1 - https:\/\/yoast.com\/wordpress\/plugins\/seo\/ -->\n<title>\u00bfMe preguntas porqu\u00e9 EL Grupo de Teatro Aj\u00f3dar dej\u00f3 de representar el AUTO DE LOS REYES MAGOS? - El Rinconcito de Mis Cositas<\/title>\n<meta name=\"robots\" content=\"index, follow, max-snippet:-1, max-image-preview:large, max-video-preview:-1\" \/>\n<link rel=\"canonical\" href=\"https:\/\/angelruizquesada.com\/borges\/me-preguntas-porque-el-grupo-de-teatro-ajodar-dejo-de-representar-el-auto-de-los-reyes-magos\/\" \/>\n<meta property=\"og:locale\" content=\"es_ES\" \/>\n<meta property=\"og:type\" content=\"article\" \/>\n<meta property=\"og:title\" content=\"\u00bfMe preguntas porqu\u00e9 EL Grupo de Teatro Aj\u00f3dar dej\u00f3 de representar el AUTO DE LOS REYES MAGOS? - El Rinconcito de Mis Cositas\" \/>\n<meta property=\"og:description\" content=\"Te invito a leer el presente art\u00edculo publicado en el [&hellip;]\" \/>\n<meta property=\"og:url\" content=\"https:\/\/angelruizquesada.com\/borges\/me-preguntas-porque-el-grupo-de-teatro-ajodar-dejo-de-representar-el-auto-de-los-reyes-magos\/\" \/>\n<meta property=\"og:site_name\" content=\"El Rinconcito de Mis Cositas\" \/>\n<meta property=\"article:published_time\" content=\"2002-04-06T23:15:00+00:00\" \/>\n<meta property=\"article:modified_time\" content=\"2020-05-05T06:55:04+00:00\" \/>\n<meta name=\"twitter:card\" content=\"summary_large_image\" \/>\n<meta name=\"twitter:label1\" content=\"Escrito por\" \/>\n\t<meta name=\"twitter:data1\" content=\"\" \/>\n\t<meta name=\"twitter:label2\" content=\"Tiempo de lectura\" \/>\n\t<meta name=\"twitter:data2\" content=\"9 minutos\" \/>\n<script type=\"application\/ld+json\" class=\"yoast-schema-graph\">{\"@context\":\"https:\/\/schema.org\",\"@graph\":[{\"@type\":\"WebPage\",\"@id\":\"https:\/\/angelruizquesada.com\/borges\/me-preguntas-porque-el-grupo-de-teatro-ajodar-dejo-de-representar-el-auto-de-los-reyes-magos\/\",\"url\":\"https:\/\/angelruizquesada.com\/borges\/me-preguntas-porque-el-grupo-de-teatro-ajodar-dejo-de-representar-el-auto-de-los-reyes-magos\/\",\"name\":\"\u00bfMe preguntas porqu\u00e9 EL Grupo de Teatro Aj\u00f3dar dej\u00f3 de representar el AUTO DE LOS REYES MAGOS? - El Rinconcito de Mis Cositas\",\"isPartOf\":{\"@id\":\"https:\/\/angelruizquesada.com\/borges\/#website\"},\"datePublished\":\"2002-04-06T23:15:00+00:00\",\"dateModified\":\"2020-05-05T06:55:04+00:00\",\"author\":{\"@id\":\"\"},\"breadcrumb\":{\"@id\":\"https:\/\/angelruizquesada.com\/borges\/me-preguntas-porque-el-grupo-de-teatro-ajodar-dejo-de-representar-el-auto-de-los-reyes-magos\/#breadcrumb\"},\"inLanguage\":\"es\",\"potentialAction\":[{\"@type\":\"ReadAction\",\"target\":[\"https:\/\/angelruizquesada.com\/borges\/me-preguntas-porque-el-grupo-de-teatro-ajodar-dejo-de-representar-el-auto-de-los-reyes-magos\/\"]}]},{\"@type\":\"BreadcrumbList\",\"@id\":\"https:\/\/angelruizquesada.com\/borges\/me-preguntas-porque-el-grupo-de-teatro-ajodar-dejo-de-representar-el-auto-de-los-reyes-magos\/#breadcrumb\",\"itemListElement\":[{\"@type\":\"ListItem\",\"position\":1,\"name\":\"Portada\",\"item\":\"https:\/\/angelruizquesada.com\/borges\/\"},{\"@type\":\"ListItem\",\"position\":2,\"name\":\"\u00bfMe preguntas porqu\u00e9 EL Grupo de Teatro Aj\u00f3dar dej\u00f3 de representar el AUTO DE LOS REYES MAGOS?\"}]},{\"@type\":\"WebSite\",\"@id\":\"https:\/\/angelruizquesada.com\/borges\/#website\",\"url\":\"https:\/\/angelruizquesada.com\/borges\/\",\"name\":\"El Rinconcito de Mis Cositas\",\"description\":\"Historia y Pol\u00edtica Social por \u00c1ngel Ruiz Quesada\",\"potentialAction\":[{\"@type\":\"SearchAction\",\"target\":{\"@type\":\"EntryPoint\",\"urlTemplate\":\"https:\/\/angelruizquesada.com\/borges\/?s={search_term_string}\"},\"query-input\":{\"@type\":\"PropertyValueSpecification\",\"valueRequired\":true,\"valueName\":\"search_term_string\"}}],\"inLanguage\":\"es\"},{\"@type\":\"Person\",\"@id\":\"\",\"url\":\"https:\/\/angelruizquesada.com\/borges\/author\/\"}]}<\/script>\n<!-- \/ Yoast SEO plugin. -->","yoast_head_json":{"title":"\u00bfMe preguntas porqu\u00e9 EL Grupo de Teatro Aj\u00f3dar dej\u00f3 de representar el AUTO DE LOS REYES MAGOS? - El Rinconcito de Mis Cositas","robots":{"index":"index","follow":"follow","max-snippet":"max-snippet:-1","max-image-preview":"max-image-preview:large","max-video-preview":"max-video-preview:-1"},"canonical":"https:\/\/angelruizquesada.com\/borges\/me-preguntas-porque-el-grupo-de-teatro-ajodar-dejo-de-representar-el-auto-de-los-reyes-magos\/","og_locale":"es_ES","og_type":"article","og_title":"\u00bfMe preguntas porqu\u00e9 EL Grupo de Teatro Aj\u00f3dar dej\u00f3 de representar el AUTO DE LOS REYES MAGOS? - El Rinconcito de Mis Cositas","og_description":"Te invito a leer el presente art\u00edculo publicado en el [&hellip;]","og_url":"https:\/\/angelruizquesada.com\/borges\/me-preguntas-porque-el-grupo-de-teatro-ajodar-dejo-de-representar-el-auto-de-los-reyes-magos\/","og_site_name":"El Rinconcito de Mis Cositas","article_published_time":"2002-04-06T23:15:00+00:00","article_modified_time":"2020-05-05T06:55:04+00:00","twitter_card":"summary_large_image","twitter_misc":{"Escrito por":"","Tiempo de lectura":"9 minutos"},"schema":{"@context":"https:\/\/schema.org","@graph":[{"@type":"WebPage","@id":"https:\/\/angelruizquesada.com\/borges\/me-preguntas-porque-el-grupo-de-teatro-ajodar-dejo-de-representar-el-auto-de-los-reyes-magos\/","url":"https:\/\/angelruizquesada.com\/borges\/me-preguntas-porque-el-grupo-de-teatro-ajodar-dejo-de-representar-el-auto-de-los-reyes-magos\/","name":"\u00bfMe preguntas porqu\u00e9 EL Grupo de Teatro Aj\u00f3dar dej\u00f3 de representar el AUTO DE LOS REYES MAGOS? - El Rinconcito de Mis Cositas","isPartOf":{"@id":"https:\/\/angelruizquesada.com\/borges\/#website"},"datePublished":"2002-04-06T23:15:00+00:00","dateModified":"2020-05-05T06:55:04+00:00","author":{"@id":""},"breadcrumb":{"@id":"https:\/\/angelruizquesada.com\/borges\/me-preguntas-porque-el-grupo-de-teatro-ajodar-dejo-de-representar-el-auto-de-los-reyes-magos\/#breadcrumb"},"inLanguage":"es","potentialAction":[{"@type":"ReadAction","target":["https:\/\/angelruizquesada.com\/borges\/me-preguntas-porque-el-grupo-de-teatro-ajodar-dejo-de-representar-el-auto-de-los-reyes-magos\/"]}]},{"@type":"BreadcrumbList","@id":"https:\/\/angelruizquesada.com\/borges\/me-preguntas-porque-el-grupo-de-teatro-ajodar-dejo-de-representar-el-auto-de-los-reyes-magos\/#breadcrumb","itemListElement":[{"@type":"ListItem","position":1,"name":"Portada","item":"https:\/\/angelruizquesada.com\/borges\/"},{"@type":"ListItem","position":2,"name":"\u00bfMe preguntas porqu\u00e9 EL Grupo de Teatro Aj\u00f3dar dej\u00f3 de representar el AUTO DE LOS REYES MAGOS?"}]},{"@type":"WebSite","@id":"https:\/\/angelruizquesada.com\/borges\/#website","url":"https:\/\/angelruizquesada.com\/borges\/","name":"El Rinconcito de Mis Cositas","description":"Historia y Pol\u00edtica Social por \u00c1ngel Ruiz Quesada","potentialAction":[{"@type":"SearchAction","target":{"@type":"EntryPoint","urlTemplate":"https:\/\/angelruizquesada.com\/borges\/?s={search_term_string}"},"query-input":{"@type":"PropertyValueSpecification","valueRequired":true,"valueName":"search_term_string"}}],"inLanguage":"es"},{"@type":"Person","@id":"","url":"https:\/\/angelruizquesada.com\/borges\/author\/"}]}},"_links":{"self":[{"href":"https:\/\/angelruizquesada.com\/borges\/wp-json\/wp\/v2\/posts\/62536","targetHints":{"allow":["GET"]}}],"collection":[{"href":"https:\/\/angelruizquesada.com\/borges\/wp-json\/wp\/v2\/posts"}],"about":[{"href":"https:\/\/angelruizquesada.com\/borges\/wp-json\/wp\/v2\/types\/post"}],"author":[{"embeddable":true,"href":"https:\/\/angelruizquesada.com\/borges\/wp-json\/wp\/v2\/users\/2"}],"replies":[{"embeddable":true,"href":"https:\/\/angelruizquesada.com\/borges\/wp-json\/wp\/v2\/comments?post=62536"}],"version-history":[{"count":1,"href":"https:\/\/angelruizquesada.com\/borges\/wp-json\/wp\/v2\/posts\/62536\/revisions"}],"predecessor-version":[{"id":62609,"href":"https:\/\/angelruizquesada.com\/borges\/wp-json\/wp\/v2\/posts\/62536\/revisions\/62609"}],"wp:attachment":[{"href":"https:\/\/angelruizquesada.com\/borges\/wp-json\/wp\/v2\/media?parent=62536"}],"wp:term":[{"taxonomy":"category","embeddable":true,"href":"https:\/\/angelruizquesada.com\/borges\/wp-json\/wp\/v2\/categories?post=62536"},{"taxonomy":"post_tag","embeddable":true,"href":"https:\/\/angelruizquesada.com\/borges\/wp-json\/wp\/v2\/tags?post=62536"}],"curies":[{"name":"wp","href":"https:\/\/api.w.org\/{rel}","templated":true}]}}