{"id":62531,"date":"2008-10-13T20:17:00","date_gmt":"2008-10-13T20:17:00","guid":{"rendered":"https:\/\/angelruizquesada.com\/2008\/10\/13\/carta-dedicada-a-la-fiestas-de-las-marias-en-santa-maria-de-guia\/"},"modified":"2020-05-05T06:55:04","modified_gmt":"2020-05-05T06:55:04","slug":"carta-dedicada-a-la-fiestas-de-las-marias-en-santa-maria-de-guia","status":"publish","type":"post","link":"https:\/\/angelruizquesada.com\/borges\/carta-dedicada-a-la-fiestas-de-las-marias-en-santa-maria-de-guia\/","title":{"rendered":"Carta dedicada a la Fiestas de Las Marias en Santa Mar\u00eda de Gu\u00eda"},"content":{"rendered":"<p class=\"dropcap-first\">\n<div style=\"font-family: Arial,Helvetica,sans-serif; text-align: justify;\"><span style=\"font-size: small;\"><span lang=\"ES\">Quiero desde aqu\u00ed darles mi enhorabuena a todos los MAYORDOMOS por la extraordinaria organizaci\u00f3n.<\/span><\/span><\/div>\n<div style=\"font-family: Arial,Helvetica,sans-serif; text-align: justify;\"><span style=\"font-size: small;\"><span lang=\"ES\"><o:p> <\/o:p><\/span><\/span><\/div>\n<div style=\"font-family: Arial,Helvetica,sans-serif; text-align: justify;\"><span style=\"font-size: small;\"><span lang=\"ES\">Decirles que sent\u00ed una sana envidia. Cuando me encontraba en la plaza con los componentes de la escuela, me sent\u00eda como en los a\u00f1os 70 en mi pueblo galdense, tambi\u00e9n sentado en el suelo de la plaza de Santiago con la familia, compartiendo todo lo que cada uno llev\u00e1bamos con los amigos. <\/span><\/span><\/div>\n<div style=\"font-family: Arial,Helvetica,sans-serif; text-align: justify;\"><span style=\"font-size: small;\"><span lang=\"ES\"><o:p> <\/o:p><\/span><\/span><\/div>\n<div style=\"font-family: Arial,Helvetica,sans-serif; text-align: justify;\"><span style=\"font-size: small;\"><span lang=\"ES\">Ojala <st1:personname product st=\"on\">la Corporaci\u00f3n<\/st1:personname> de mi pueblo, tengan la valent\u00eda de volver a celebrar <st1:personname product st=\"on\">la Romer\u00eda<\/st1:personname> por la ma\u00f1ana el domingo antes del d\u00eda del Patr\u00f3n, pues <st1:personname product st=\"on\">la Romer\u00eda<\/st1:personname> actual, para m\u00ed, y que conste que es mi humilde opini\u00f3n, no tiene sentido.<\/span><\/span><\/div>\n<div style=\"font-family: Arial,Helvetica,sans-serif; text-align: justify;\"><span style=\"font-size: small;\"><span lang=\"ES\"><o:p> <\/o:p><\/span><\/span><\/div>\n<div style=\"font-family: Arial,Helvetica,sans-serif; text-align: justify;\"><span style=\"font-size: small;\"><span lang=\"ES\">Siguiendo con la fiesta de hoy, quiero compartir con los amigos de la p\u00e1gina la letra de una folia que me pidi\u00f3 mi mujer (Juana Molina Vega), en ella se recoge la importancia de esta efem\u00e9ride, pues si importante es que esta fiesta se haya mantenido ininterrumpidamente durante 197 a\u00f1os importante tambi\u00e9n, es para los guienses y galdenses esta fecha, el pr\u00f3ximo domingo d\u00eda 28 se cumplen 200 a\u00f1os que Santiago Ap\u00f3stol \u201cdurmi\u00f3\u201d en Gu\u00eda, (en Noticias del Municipio de G\u00e1ldar se recoge los actos a celebrar durante los d\u00edas 26, 27 y 28 del presente mes).<\/span><\/span><\/div>\n<div style=\"font-family: Arial,Helvetica,sans-serif; text-align: justify;\"><span style=\"font-size: small;\"><span lang=\"ES\"><o:p> <\/o:p><\/span><\/span><\/div>\n<div style=\"font-family: Arial,Helvetica,sans-serif; text-align: justify;\"><span style=\"font-size: small;\"><span lang=\"ES\">Pero antes, y para poner en situaci\u00f3n al lector, creo interesante recoger parte de un precioso art\u00edculo que se recoge en el libro <i>G\u00e1ldar en su archivo <\/i>de Santiago Cazorla Le\u00f3n, en relaci\u00f3n a <st1:personname product st=\"on\"><st1:personname product st=\"on\">la   BAJADA<\/st1:personname> DE<\/st1:personname> SANTIAGO A LAS PALMAS y <st1:personname product st=\"on\">La Virgen<\/st1:personname> del Pino, con motivo de la guerra de <st1:personname product st=\"on\">la  Independencia<\/st1:personname>:<\/span><\/span><\/div>\n<div style=\"font-family: Arial,Helvetica,sans-serif; text-align: justify;\"><span style=\"font-size: small;\"><span lang=\"ES\"><o:p> <\/o:p><\/span><\/span><\/div>\n<div style=\"font-family: Arial,Helvetica,sans-serif; text-align: justify;\"><span style=\"font-size: small;\"><i><span lang=\"ES\">\u201cEl pueblo de Arucas\u2026esper\u00f3, despu\u00e9s de haber despedido a Nuestra Se\u00f1ora del Pino, a que llegara Santiago, y les precisaron a los que quer\u00edan venirse derecho <span> <\/span>por Tenoya, porque sab\u00edan le esperaban en Gu\u00eda, a volver a Arucas, en donde fue recibido.<o:p><\/o:p><\/span><\/i><\/span><\/div>\n<div style=\"font-family: Arial,Helvetica,sans-serif; text-align: justify;\"><span style=\"font-size: small;\"><i><span lang=\"ES\"><o:p> <\/o:p><\/span><\/i><\/span><\/div>\n<div style=\"font-family: Arial,Helvetica,sans-serif; text-align: justify;\"><span style=\"font-size: small;\"><i><span lang=\"ES\">El pueblo de Gu\u00eda cuando supo que el Santo Ap\u00f3stol se <span> <\/span>hab\u00eda de restituir a su Iglesia el d\u00eda 27 de septiembre, escribi\u00f3, por medio de su Alcalde, manifestando su ardiente deseo de recibir al Sor Santiago a la vuelta de <st1:personname product st=\"on\">la  Ciudad<\/st1:personname>, y de manifestar su devoci\u00f3n.<o:p><\/o:p><\/span><\/i><\/span><\/div>\n<div style=\"font-family: Arial,Helvetica,sans-serif; text-align: justify;\"><span style=\"font-size: small;\"><i><span lang=\"ES\"><o:p> <\/o:p><\/span><\/i><\/span><\/div>\n<div style=\"font-family: Arial,Helvetica,sans-serif; text-align: justify;\"><span style=\"font-size: small;\"><i><span lang=\"ES\">Y se les respondi\u00f3 que est\u00e1bamos prontos a corresponder a sus deseos, y, en esa virtud el 28<span>  <\/span>a las dos de la tarde entr\u00f3 Santiago en aquella Villa, donde fue recibido con la mayor pompa y aparato. Estaba preparada <st1:personname product st=\"on\">la Ermita<\/st1:personname> de San Sebasti\u00e1n<span>  <\/span>(de Gu\u00eda), porque se entraran<span>  <\/span>y esperaran en ella el Beneficiado, Clero, Comunidad de San Francisco y Hermandad del Sant\u00edsimo y de los campos que hab\u00edan concurrido<span>  <\/span>a este fin, que fue muy lucida con una enramada desde G\u00e1ldar hasta <st1:personname product st=\"on\">la Iglesia<\/st1:personname> con varios arcos muy arcados con palmas labradas y otros adornos, muchos fuegos de varias invenciones costeados por el Sr. don Gaspar Montesdeoca que promovi\u00f3 esta funci\u00f3n, adorn\u00f3 <st1:personname product st=\"on\">la Iglesia<\/st1:personname> con muy buena cera, sitial y dem\u00e1s aparatos, anim\u00f3 a los vecinos a esmerarse, ensall\u00f3 una contradanza de doce Auntos (sic) costosamente vestidos que bailaron delante del Santo en <st1:personname product st=\"on\">la Procesi\u00f3n<\/st1:personname> en varias pausas, en <st1:personname product st=\"on\">la  Iglesia<\/st1:personname>, y por la noche en <st1:personname product st=\"on\">la Plaza<\/st1:personname>, que estaba bien iluminada con particular f\u00e1brica<span>  <\/span>de faroletas y estrellas para <st1:personname product st=\"on\">la Torre<\/st1:personname> con muchos y buenos fuegos.<o:p><\/o:p><\/span><\/i><\/span><\/div>\n<div style=\"font-family: Arial,Helvetica,sans-serif; text-align: justify;\"><span style=\"font-size: small;\"><i><span lang=\"ES\"><o:p> <\/o:p><\/span><\/i><\/span><\/div>\n<div style=\"font-family: Arial,Helvetica,sans-serif; text-align: justify;\"><span style=\"font-size: small;\"><i><span lang=\"ES\">Al d\u00eda siguiente se le hizo al Santo (en Gu\u00eda) una funci\u00f3n completa; predic\u00f3 R.P. Predicador G. de San Francisco Montesdeoca con mucha edificaci\u00f3n de todos y con mucho elogio de los inteligentes; se hizo procesi\u00f3n con Santiago por el Pueblo despu\u00e9s de la misa, a la que concurri\u00f3<span>  <\/span><st1:personname product st=\"on\">la Tropa<\/st1:personname>, como lo hab\u00eda hecho<span>  <\/span>el d\u00eda antes a la entrada del Santo, y lo hizo este d\u00eda por la tarde hasta <st1:personname product st=\"on\">la Iglesia<\/st1:personname> de G\u00e1ldar.<o:p><\/o:p><\/span><\/i><\/span><\/div>\n<div style=\"font-family: Arial,Helvetica,sans-serif; text-align: justify;\"><span style=\"font-size: small;\"><i><span lang=\"ES\"><o:p> <\/o:p><\/span><\/i><\/span><\/div>\n<div style=\"font-family: Arial,Helvetica,sans-serif; text-align: justify;\"><span style=\"font-size: small;\"><i><span lang=\"ES\">El 29 por la tarde fue el Beneficiado y Clero de G\u00e1ldar con las Hermandades completas y dem\u00e1s Pueblos a traer al Santo Patrono; se formaron en ceremonia en <st1:personname product st=\"on\">la Boca<\/st1:personname> de <st1:personname product st=\"on\">la Vega<\/st1:personname> y salieron a recibirles de Gu\u00eda hasta el barranco el Beneficio, Clero, Hermandad y Caballer\u00eda, trat\u00e1ndoles con mucha urbanidad, y d\u00e1ndoles la derecha y primeros puestos, a\u00fan en la calle como en <st1:personname product st=\"on\"><st1:personname product st=\"on\">la Iglesia.<\/st1:personname>  El<\/st1:personname> Beneficiado de G\u00e1ldar hizo las v\u00edsperas, que se cantaron muy solemnes, e inmediatamente la procesi\u00f3n del Santo Patrono de G\u00e1ldar, que acompa\u00f1\u00f3 hasta el centro del barranco el Beneficiado y Clero de Gu\u00eda en la misma forma que recibieron. De all\u00ed retrocedieron a su Iglesia, y siguieron acompa\u00f1ando hasta G\u00e1ldar <st1:personname product st=\"on\">la Tropa<\/st1:personname>, el Pueblo, fuera de los que se adelantaron, y otras personas delicadas, que vinieron a caballo, para la taratona y la danza de los 12 turcos\u2026\u201d Libro de Mandato, fol. 26 vto.).<o:p><\/o:p><\/span><\/i><\/span><\/div>\n<div style=\"font-family: Arial,Helvetica,sans-serif; text-align: justify;\"><span style=\"font-size: small;\"><i><span lang=\"ES\"><o:p> <\/o:p><\/span><\/i><\/span><\/div>\n<div style=\"font-family: Arial,Helvetica,sans-serif; text-align: justify;\"><span style=\"font-size: small;\"><span lang=\"ES\">Mi opini\u00f3n es, que hemos perdido una gran ocasi\u00f3n, y, no es que no me haya gustado la presencia de <st1:personname product st=\"on\">la Corporaci\u00f3n<\/st1:personname> galdense en Gu\u00eda, pero s\u00ed, me hubiese gustado mucho m\u00e1s que hubiera estado presidida por mi Patr\u00f3n Santiago. Otra vez ser\u00e1, \u00a1seguro!<\/span><\/span><\/div>\n<div style=\"font-family: Arial,Helvetica,sans-serif; text-align: justify;\"><span style=\"font-size: small;\"><span lang=\"ES\"><o:p> <\/o:p><\/span><\/span><\/div>\n<div style=\"font-family: Arial,Helvetica,sans-serif; text-align: justify;\"><span style=\"font-size: small;\"><span lang=\"ES\">Aqu\u00ed va <st1:personname product st=\"on\">la Folia<\/st1:personname>:<\/span><\/span><\/div>\n<div style=\"font-family: Arial,Helvetica,sans-serif; text-align: justify;\"><span style=\"font-size: small;\"><i><span lang=\"ES\"><o:p> <\/o:p><\/span><\/i><\/span><\/div>\n<div style=\"font-family: Arial,Helvetica,sans-serif; text-align: justify;\"><span style=\"font-size: small;\"><i><span lang=\"ES\">El domingo que viene<o:p><\/o:p><\/span><\/i><\/span><\/div>\n<div style=\"font-family: Arial,Helvetica,sans-serif;\"><span style=\"font-size: small;\"><i><span lang=\"ES\">se cumplen doscientos a\u00f1os<o:p><\/o:p><\/span><\/i><\/span><\/div>\n<div style=\"font-family: Arial,Helvetica,sans-serif;\"><span style=\"font-size: small;\"><i><span lang=\"ES\">se cumplen<o:p><\/o:p><\/span><\/i><\/span><\/div>\n<div style=\"font-family: Arial,Helvetica,sans-serif;\"><span style=\"font-size: small;\"><i><span lang=\"ES\">se cumplen doscientos a\u00f1os<o:p><\/o:p><\/span><\/i><\/span><\/div>\n<div style=\"font-family: Arial,Helvetica,sans-serif;\"><span style=\"font-size: small;\"><i><span lang=\"ES\"><o:p> <\/o:p><\/span><\/i><\/span><\/div>\n<div style=\"font-family: Arial,Helvetica,sans-serif;\"><span style=\"font-size: small;\"><i><span lang=\"ES\">Que en este lugar tan bonito<span>   <\/span><span>                                  <\/span><span> <\/span><o:p><\/o:p><\/span><\/i><\/span><\/div>\n<div style=\"font-family: Arial,Helvetica,sans-serif;\"><span style=\"font-size: small;\"><i><span lang=\"ES\">durmi\u00f3 mi patr\u00f3n Santiago<o:p><\/o:p><\/span><\/i><\/span><\/div>\n<div style=\"font-family: Arial,Helvetica,sans-serif;\"><span style=\"font-size: small;\"><i><span lang=\"ES\">Por eso los de G\u00e1ldar y Gu\u00eda<o:p><\/o:p><\/span><\/i><\/span><\/div>\n<div style=\"font-family: Arial,Helvetica,sans-serif;\"><span style=\"font-size: small;\"><i><span lang=\"ES\">nos miramos como hermanos<o:p><\/o:p><\/span><\/i><\/span><\/div>\n<div style=\"font-family: Arial,Helvetica,sans-serif;\"><span style=\"font-size: small;\"><i><span lang=\"ES\"><o:p> <\/o:p><\/span><\/i><\/span><\/div>\n<div style=\"font-family: Arial,Helvetica,sans-serif;\"><span style=\"font-size: small;\"><i><span lang=\"ES\">El domingo que viene<o:p><\/o:p><\/span><\/i><\/span><\/div>\n<div style=\"font-family: Arial,Helvetica,sans-serif;\"><span style=\"font-size: small;\"><i><span lang=\"ES\">se cumplen doscientos a\u00f1os<o:p><\/o:p><\/span><\/i><\/span><\/div>\n<div style=\"font-family: Arial,Helvetica,sans-serif;\"><span style=\"font-size: small;\"><i><span lang=\"ES\"><o:p> <\/o:p><\/span><\/i><\/span><\/div>\n<div style=\"font-family: Arial,Helvetica,sans-serif;\"><span style=\"font-size: small;\"><span lang=\"ES\"><o:p> <\/o:p><\/span><\/span><\/div>\n<div style=\"font-family: Arial,Helvetica,sans-serif; text-align: justify;\"><span style=\"font-size: small;\"><span lang=\"ES\">Reitero mis felicitaciones a todos los organizadores.<\/span><\/span><\/div>\n<div style=\"font-family: Arial,Helvetica,sans-serif; text-align: justify;\"><span style=\"font-size: small;\"><span lang=\"ES\"><o:p> <\/o:p><\/span><\/span><\/div>\n<div style=\"font-family: Arial,Helvetica,sans-serif; text-align: justify;\"><span style=\"font-size: small;\"><span lang=\"ES\">\u00c1ngel Ruiz Quesada<\/span><\/span><\/div>\n<div style=\"font-family: Arial,Helvetica,sans-serif; text-align: justify;\"><span style=\"font-size: small;\"><span lang=\"ES\">G\u00e1ldar, Gran Canaria, 20 de septiembre de 2008<\/span><\/span><\/div>\n","protected":false},"excerpt":{"rendered":"<p>Quiero desde aqu\u00ed darles mi enhorabuena a todos los MAYORDOMOS [&hellip;]<\/p>\n","protected":false},"author":2,"featured_media":0,"comment_status":"open","ping_status":"open","sticky":false,"template":"","format":"standard","meta":{"ngg_post_thumbnail":0,"footnotes":""},"categories":[70,1],"tags":[],"class_list":["post-62531","post","type-post","status-publish","format-standard","hentry","category-mis-articulos","category-uncategorized"],"acf":[],"yoast_head":"<!-- This site is optimized with the Yoast SEO plugin v24.1 - https:\/\/yoast.com\/wordpress\/plugins\/seo\/ -->\n<title>Carta dedicada a la Fiestas de Las Marias en Santa Mar\u00eda de Gu\u00eda - El Rinconcito de Mis Cositas<\/title>\n<meta name=\"robots\" content=\"index, follow, max-snippet:-1, max-image-preview:large, max-video-preview:-1\" \/>\n<link rel=\"canonical\" href=\"https:\/\/angelruizquesada.com\/borges\/carta-dedicada-a-la-fiestas-de-las-marias-en-santa-maria-de-guia\/\" \/>\n<meta property=\"og:locale\" content=\"es_ES\" \/>\n<meta property=\"og:type\" content=\"article\" \/>\n<meta property=\"og:title\" content=\"Carta dedicada a la Fiestas de Las Marias en Santa Mar\u00eda de Gu\u00eda - El Rinconcito de Mis Cositas\" \/>\n<meta property=\"og:description\" content=\"Quiero desde aqu\u00ed darles mi enhorabuena a todos los MAYORDOMOS [&hellip;]\" \/>\n<meta property=\"og:url\" content=\"https:\/\/angelruizquesada.com\/borges\/carta-dedicada-a-la-fiestas-de-las-marias-en-santa-maria-de-guia\/\" \/>\n<meta property=\"og:site_name\" content=\"El Rinconcito de Mis Cositas\" \/>\n<meta property=\"article:published_time\" content=\"2008-10-13T20:17:00+00:00\" \/>\n<meta property=\"article:modified_time\" content=\"2020-05-05T06:55:04+00:00\" \/>\n<meta name=\"twitter:card\" content=\"summary_large_image\" \/>\n<meta name=\"twitter:label1\" content=\"Escrito por\" \/>\n\t<meta name=\"twitter:data1\" content=\"\" \/>\n\t<meta name=\"twitter:label2\" content=\"Tiempo de lectura\" \/>\n\t<meta name=\"twitter:data2\" content=\"5 minutos\" \/>\n<script type=\"application\/ld+json\" class=\"yoast-schema-graph\">{\"@context\":\"https:\/\/schema.org\",\"@graph\":[{\"@type\":\"WebPage\",\"@id\":\"https:\/\/angelruizquesada.com\/borges\/carta-dedicada-a-la-fiestas-de-las-marias-en-santa-maria-de-guia\/\",\"url\":\"https:\/\/angelruizquesada.com\/borges\/carta-dedicada-a-la-fiestas-de-las-marias-en-santa-maria-de-guia\/\",\"name\":\"Carta dedicada a la Fiestas de Las Marias en Santa Mar\u00eda de Gu\u00eda - El Rinconcito de Mis Cositas\",\"isPartOf\":{\"@id\":\"https:\/\/angelruizquesada.com\/borges\/#website\"},\"datePublished\":\"2008-10-13T20:17:00+00:00\",\"dateModified\":\"2020-05-05T06:55:04+00:00\",\"author\":{\"@id\":\"\"},\"breadcrumb\":{\"@id\":\"https:\/\/angelruizquesada.com\/borges\/carta-dedicada-a-la-fiestas-de-las-marias-en-santa-maria-de-guia\/#breadcrumb\"},\"inLanguage\":\"es\",\"potentialAction\":[{\"@type\":\"ReadAction\",\"target\":[\"https:\/\/angelruizquesada.com\/borges\/carta-dedicada-a-la-fiestas-de-las-marias-en-santa-maria-de-guia\/\"]}]},{\"@type\":\"BreadcrumbList\",\"@id\":\"https:\/\/angelruizquesada.com\/borges\/carta-dedicada-a-la-fiestas-de-las-marias-en-santa-maria-de-guia\/#breadcrumb\",\"itemListElement\":[{\"@type\":\"ListItem\",\"position\":1,\"name\":\"Portada\",\"item\":\"https:\/\/angelruizquesada.com\/borges\/\"},{\"@type\":\"ListItem\",\"position\":2,\"name\":\"Carta dedicada a la Fiestas de Las Marias en Santa Mar\u00eda de Gu\u00eda\"}]},{\"@type\":\"WebSite\",\"@id\":\"https:\/\/angelruizquesada.com\/borges\/#website\",\"url\":\"https:\/\/angelruizquesada.com\/borges\/\",\"name\":\"El Rinconcito de Mis Cositas\",\"description\":\"Historia y Pol\u00edtica Social por \u00c1ngel Ruiz Quesada\",\"potentialAction\":[{\"@type\":\"SearchAction\",\"target\":{\"@type\":\"EntryPoint\",\"urlTemplate\":\"https:\/\/angelruizquesada.com\/borges\/?s={search_term_string}\"},\"query-input\":{\"@type\":\"PropertyValueSpecification\",\"valueRequired\":true,\"valueName\":\"search_term_string\"}}],\"inLanguage\":\"es\"},{\"@type\":\"Person\",\"@id\":\"\",\"url\":\"https:\/\/angelruizquesada.com\/borges\/author\/\"}]}<\/script>\n<!-- \/ Yoast SEO plugin. -->","yoast_head_json":{"title":"Carta dedicada a la Fiestas de Las Marias en Santa Mar\u00eda de Gu\u00eda - El Rinconcito de Mis Cositas","robots":{"index":"index","follow":"follow","max-snippet":"max-snippet:-1","max-image-preview":"max-image-preview:large","max-video-preview":"max-video-preview:-1"},"canonical":"https:\/\/angelruizquesada.com\/borges\/carta-dedicada-a-la-fiestas-de-las-marias-en-santa-maria-de-guia\/","og_locale":"es_ES","og_type":"article","og_title":"Carta dedicada a la Fiestas de Las Marias en Santa Mar\u00eda de Gu\u00eda - El Rinconcito de Mis Cositas","og_description":"Quiero desde aqu\u00ed darles mi enhorabuena a todos los MAYORDOMOS [&hellip;]","og_url":"https:\/\/angelruizquesada.com\/borges\/carta-dedicada-a-la-fiestas-de-las-marias-en-santa-maria-de-guia\/","og_site_name":"El Rinconcito de Mis Cositas","article_published_time":"2008-10-13T20:17:00+00:00","article_modified_time":"2020-05-05T06:55:04+00:00","twitter_card":"summary_large_image","twitter_misc":{"Escrito por":"","Tiempo de lectura":"5 minutos"},"schema":{"@context":"https:\/\/schema.org","@graph":[{"@type":"WebPage","@id":"https:\/\/angelruizquesada.com\/borges\/carta-dedicada-a-la-fiestas-de-las-marias-en-santa-maria-de-guia\/","url":"https:\/\/angelruizquesada.com\/borges\/carta-dedicada-a-la-fiestas-de-las-marias-en-santa-maria-de-guia\/","name":"Carta dedicada a la Fiestas de Las Marias en Santa Mar\u00eda de Gu\u00eda - El Rinconcito de Mis Cositas","isPartOf":{"@id":"https:\/\/angelruizquesada.com\/borges\/#website"},"datePublished":"2008-10-13T20:17:00+00:00","dateModified":"2020-05-05T06:55:04+00:00","author":{"@id":""},"breadcrumb":{"@id":"https:\/\/angelruizquesada.com\/borges\/carta-dedicada-a-la-fiestas-de-las-marias-en-santa-maria-de-guia\/#breadcrumb"},"inLanguage":"es","potentialAction":[{"@type":"ReadAction","target":["https:\/\/angelruizquesada.com\/borges\/carta-dedicada-a-la-fiestas-de-las-marias-en-santa-maria-de-guia\/"]}]},{"@type":"BreadcrumbList","@id":"https:\/\/angelruizquesada.com\/borges\/carta-dedicada-a-la-fiestas-de-las-marias-en-santa-maria-de-guia\/#breadcrumb","itemListElement":[{"@type":"ListItem","position":1,"name":"Portada","item":"https:\/\/angelruizquesada.com\/borges\/"},{"@type":"ListItem","position":2,"name":"Carta dedicada a la Fiestas de Las Marias en Santa Mar\u00eda de Gu\u00eda"}]},{"@type":"WebSite","@id":"https:\/\/angelruizquesada.com\/borges\/#website","url":"https:\/\/angelruizquesada.com\/borges\/","name":"El Rinconcito de Mis Cositas","description":"Historia y Pol\u00edtica Social por \u00c1ngel Ruiz Quesada","potentialAction":[{"@type":"SearchAction","target":{"@type":"EntryPoint","urlTemplate":"https:\/\/angelruizquesada.com\/borges\/?s={search_term_string}"},"query-input":{"@type":"PropertyValueSpecification","valueRequired":true,"valueName":"search_term_string"}}],"inLanguage":"es"},{"@type":"Person","@id":"","url":"https:\/\/angelruizquesada.com\/borges\/author\/"}]}},"_links":{"self":[{"href":"https:\/\/angelruizquesada.com\/borges\/wp-json\/wp\/v2\/posts\/62531","targetHints":{"allow":["GET"]}}],"collection":[{"href":"https:\/\/angelruizquesada.com\/borges\/wp-json\/wp\/v2\/posts"}],"about":[{"href":"https:\/\/angelruizquesada.com\/borges\/wp-json\/wp\/v2\/types\/post"}],"author":[{"embeddable":true,"href":"https:\/\/angelruizquesada.com\/borges\/wp-json\/wp\/v2\/users\/2"}],"replies":[{"embeddable":true,"href":"https:\/\/angelruizquesada.com\/borges\/wp-json\/wp\/v2\/comments?post=62531"}],"version-history":[{"count":1,"href":"https:\/\/angelruizquesada.com\/borges\/wp-json\/wp\/v2\/posts\/62531\/revisions"}],"predecessor-version":[{"id":62607,"href":"https:\/\/angelruizquesada.com\/borges\/wp-json\/wp\/v2\/posts\/62531\/revisions\/62607"}],"wp:attachment":[{"href":"https:\/\/angelruizquesada.com\/borges\/wp-json\/wp\/v2\/media?parent=62531"}],"wp:term":[{"taxonomy":"category","embeddable":true,"href":"https:\/\/angelruizquesada.com\/borges\/wp-json\/wp\/v2\/categories?post=62531"},{"taxonomy":"post_tag","embeddable":true,"href":"https:\/\/angelruizquesada.com\/borges\/wp-json\/wp\/v2\/tags?post=62531"}],"curies":[{"name":"wp","href":"https:\/\/api.w.org\/{rel}","templated":true}]}}