{"id":62506,"date":"2009-04-29T07:36:00","date_gmt":"2009-04-29T07:36:00","guid":{"rendered":"https:\/\/angelruizquesada.com\/2009\/04\/29\/grupo-fotografico-san-borondon\/"},"modified":"2020-05-05T06:47:48","modified_gmt":"2020-05-05T06:47:48","slug":"grupo-fotografico-san-borondon","status":"publish","type":"post","link":"https:\/\/angelruizquesada.com\/borges\/grupo-fotografico-san-borondon\/","title":{"rendered":"Grupo Fotogr\u00e1fico San Borondon"},"content":{"rendered":"<p class=\"dropcap-first\">\n<div align=\"center\" style=\"mso-layout-grid-align: none; mso-pagination: none; text-align: center; text-autospace: none;\"><b><span style=\"font-size: medium;\">Presentaci\u00f3n del<\/span><span style=\"font-size: medium;\"><o:p><\/o:p><\/span><\/b><\/div>\n<div align=\"center\" style=\"mso-layout-grid-align: none; mso-pagination: none; text-align: center; text-autospace: none;\"><b><span style=\"font-size: medium;\">AUDIOVISUAL<\/span><span style=\"font-size: medium;\"><o:p><\/o:p><\/span><\/b><\/div>\n<div align=\"center\" style=\"mso-layout-grid-align: none; mso-pagination: none; text-align: center; text-autospace: none;\"><b><i><span style=\"font-size: medium;\">MUNICIPIO DE G\u00c1LDAR<\/span><span style=\"font-size: medium;\"><o:p><\/o:p><\/span><\/i><\/b><\/div>\n<div align=\"center\" style=\"mso-layout-grid-align: none; mso-pagination: none; text-align: center; text-autospace: none;\"><span style=\"font-size: medium;\">Centro de Iniciativas de la Caja de Canarias<\/span><span style=\"font-size: medium;\"><o:p><\/o:p><\/span><\/div>\n<div align=\"center\" style=\"mso-layout-grid-align: none; mso-pagination: none; text-align: center; text-autospace: none;\"><span style=\"font-size: medium;\">Martes, 28 de abril de 2009, 20,30 horas.<\/span><span style=\"font-size: medium;\"><o:p><\/o:p><\/span><\/div>\n<div style=\"mso-layout-grid-align: none; mso-pagination: none; text-align: justify; text-autospace: none;\"><\/div>\n<div style=\"mso-layout-grid-align: none; mso-pagination: none; text-align: justify; text-autospace: none;\"><span style=\"font-size: medium;\">Buenas noches a todas y a todos.<\/span><span style=\"font-size: medium;\"><o:p><\/o:p><\/span><\/div>\n<div style=\"mso-layout-grid-align: none; mso-pagination: none; text-align: justify; text-autospace: none;\"><\/div>\n<div style=\"clear: both; text-align: center;\"><a href=\"http:\/\/2.bp.blogspot.com\/_1YR9fkmJga0\/SfgDf_BMB3I\/AAAAAAAAizo\/T-JptsNq7J8\/s1600-h\/DSC05081.JPG\" style=\"clear: left; float: left; margin-bottom: 1em; margin-right: 1em;\"><img class=\"lazyload\" decoding=\"async\" border=\"0\" src=\"data:image\/gif;base64,R0lGODlhAQABAAAAACH5BAEKAAEALAAAAAABAAEAAAICTAEAOw==\" data-orig-src=\"http:\/\/2.bp.blogspot.com\/_1YR9fkmJga0\/SfgDf_BMB3I\/AAAAAAAAizo\/T-JptsNq7J8\/s320\/DSC05081.JPG\" \/><\/a><\/div>\n<div style=\"mso-layout-grid-align: none; mso-pagination: none; text-align: justify; text-autospace: none;\"><span style=\"font-size: medium;\">Mis primeras palabras quiero que sean de agradecimiento al cronista oficial de Artenara, don Jos\u00e9 Antonio Luj\u00e1n Henr\u00edquez, por su amable invitaci\u00f3n. No s\u00f3lo por el ofrecimiento que me ha hecho<\/span><span style=\"font-size: medium;\">&nbsp; <\/span><span style=\"font-size: medium;\">para presentar este acto, de lo que me siento muy honrado, sino tambi\u00e9n porque, a partir de hoy, comparto una nueva amistad: la de todos los componentes<\/span><span style=\"font-size: medium;\">&nbsp; <\/span><span style=\"font-size: medium;\">del Grupo Fotogr\u00e1fico San Borond\u00f3n. <\/span><span style=\"font-size: medium;\"><o:p><\/o:p><\/span><\/div>\n<div style=\"mso-layout-grid-align: none; mso-pagination: none; text-align: justify; text-autospace: none;\"><\/div>\n<div style=\"mso-layout-grid-align: none; mso-pagination: none; text-align: justify; text-autospace: none;\"><span style=\"font-size: medium;\">No ha pasado mucho tiempo desde que otra noche, en este mismo lugar prologaba la actuaci\u00f3n de un concertista de piano. Dije entonces que <\/span><span lang=\"ES-TRAD\"><span style=\"font-size: medium;\">los pocos que me conoc\u00edan de los presentes sab\u00edan que mi gran afici\u00f3n es la cultura. En primer lugar, soy un hombre de teatro: dirijo el Grupo Aj\u00f3dar-G\u00e1ldar, en cuya fundaci\u00f3n particip\u00e9. Por ello, me hubiese gustado decir, que primero naci\u00f3 el teatro y posteriormente aparecieron las distintas manifestaciones culturales. Pero, naturalmente, reconoc\u00eda que est\u00e1bamos ante la base de todas las artes, la m\u00fasica. Desde la creaci\u00f3n del mundo, all\u00ed estaba la m\u00fasica, en el ruido del mar,<\/span><span style=\"font-size: medium;\">&nbsp; <\/span><span style=\"font-size: medium;\">de los \u00e1rboles, del viento, del aire&#8230;<\/span><span style=\"font-size: medium;\"><o:p><\/o:p><\/span><\/span><\/div>\n<div style=\"mso-layout-grid-align: none; mso-pagination: none; text-align: justify; text-autospace: none;\"><\/div>\n<div style=\"mso-layout-grid-align: none; mso-pagination: none; text-align: justify; text-autospace: none;\"><span lang=\"ES-TRAD\"><span style=\"font-size: medium;\">Han venido ustedes con el prop\u00f3sito de ver uno de los audiovisuales que el Grupo Fotogr\u00e1fico San Borond\u00f3n tiene en su haber y no con el de escuchar un concierto musical. Y no est\u00e1n equivocados. Hoy martes, 28 de abril de 2009, vamos a presenciar la proyecci\u00f3n del audiovisual dedicado a la ciudad de G\u00e1ldar. Pero coincidir\u00e1n conmigo en que, en este trabajo, la m\u00fasica asume tanta significaci\u00f3n como la imagen. A uno de los miembros de San Borond\u00f3n, Ildefonso Bello, le corresponde el m\u00e9rito de la selecci\u00f3n de los pasajes m\u00e1s adecuados, labor digna de un compositor. Ya desde ahora, te felicito Ildefonso por la excelente creaci\u00f3n de este audiovisual. Y digo \u201cde este\u201d, porque he de confesar, avergonzado, que es el primer trabajo de San Borond\u00f3n que veo y que apenas ten\u00eda referencias de ese grupo cultural, pese a que Ildefonso y yo compartimos la condici\u00f3n de funcionarios del Gobierno de Canarias. Desafortunadamente, se trata de una falta rec\u00edproca. Cuando, hace pocos d\u00edas, mi nuevo amigo me hizo una interesante visita en mi domicilio, en compa\u00f1\u00eda de<\/span><span style=\"font-size: medium;\">&nbsp; <\/span><span style=\"font-size: medium;\">Mariano Guill\u00e9n, les habl\u00e9 de algunas de las actividades de mi sociedad esc\u00e9nica, mostr\u00e1ndose ellos tan sorprendidos como yo, cuando supe que ya han realizado m\u00e1s de treinta audiovisuales y que sus c\u00e1maras han captado im\u00e1genes de la mayor parte de los municipios de Gran Canaria. <\/span><span style=\"font-size: medium;\"><o:p><\/o:p><\/span><\/span><\/div>\n<div style=\"mso-layout-grid-align: none; mso-pagination: none; text-align: justify; text-autospace: none;\"><\/div>\n<div style=\"mso-layout-grid-align: none; mso-pagination: none; text-align: justify; text-autospace: none;\"><span lang=\"ES-TRAD\"><span style=\"font-size: medium;\">Con este hecho, queda una vez m\u00e1s justificado, el anhelo que en muchas ocasiones manifestado en p\u00fablico y que, con fecha 28 de julio de 2004, present\u00e9 en forma de escrito en el Registro General de mi Ayuntamiento de G\u00e1ldar, durante el proceso de aprobaci\u00f3n del Plan General de Ordenaci\u00f3n del Municipio. No es, pues, una locura. No es una locura mi empe\u00f1o de que se cree la Ciudad de las Artes.<\/span><span style=\"font-size: medium;\"><o:p><\/o:p><\/span><\/span><\/div>\n<div style=\"mso-layout-grid-align: none; mso-pagination: none; text-align: justify; text-autospace: none;\"><\/div>\n<div style=\"mso-layout-grid-align: none; mso-pagination: none; text-align: justify; text-autospace: none;\"><span lang=\"ES-TRAD\"><span style=\"font-size: medium;\">Al igual que habitualmente se habla de \u201cciudad deportiva\u201d, para referirse al espacio donde se localiza una variedad de actividades deportivas, la Ciudad de las Artes, dar\u00eda cabida a todo un abanico de expresiones culturales: alfarer\u00eda, artesan\u00eda, escultura, cer\u00e1mica, cine, danza, fotograf\u00eda, m\u00fasica, pintura, teatro, v\u00eddeo, etc. <\/span><span style=\"font-size: medium;\"><o:p><\/o:p><\/span><\/span><\/div>\n<div style=\"mso-layout-grid-align: none; mso-pagination: none; text-align: justify; text-autospace: none;\"><\/div>\n<div style=\"mso-layout-grid-align: none; mso-pagination: none; text-align: justify; text-autospace: none;\"><span lang=\"ES-TRAD\"><span style=\"font-size: medium;\">Cada manifestaci\u00f3n contar\u00eda con una escuela propia.<\/span><span style=\"font-size: medium;\"><o:p><\/o:p><\/span><\/span><\/div>\n<div style=\"mso-layout-grid-align: none; mso-pagination: none; text-align: justify; text-autospace: none;\"><\/div>\n<div style=\"mso-layout-grid-align: none; mso-pagination: none; text-align: justify; text-autospace: none;\"><span lang=\"ES-TRAD\"><span style=\"font-size: medium;\">Entiendo que es la \u00fanica manera de que todos los que nos dedicamos a la creaci\u00f3n art\u00edstica, contemos con un impulso com\u00fan, respetuoso con nuestras personalidades, y con un espacio adecuado para contactar con la sociedad.<\/span><span style=\"font-size: medium;\"><o:p><\/o:p><\/span><\/span><\/div>\n<div style=\"mso-layout-grid-align: none; mso-pagination: none; text-align: justify; text-autospace: none;\"><\/div>\n<div style=\"mso-layout-grid-align: none; mso-pagination: none; text-align: justify; text-autospace: none;\"><span lang=\"ES-TRAD\"><span style=\"font-size: medium;\">Todas las agrupaciones o asociaciones culturales debemos unirnos para lograr este interesante y necesario objetivo. Creo que con esta introducci\u00f3n est\u00e1 compensada mi falta, as\u00ed como el desconocimiento por parte de mis amigos fot\u00f3grafos de la mayor parte de las<\/span><span style=\"font-size: medium;\">&nbsp; <\/span><span style=\"font-size: medium;\">actividades de mi grupo teatral.<\/span><span style=\"font-size: medium;\"><o:p><\/o:p><\/span><\/span><\/div>\n<div style=\"mso-layout-grid-align: none; mso-pagination: none; text-align: justify; text-autospace: none;\"><\/div>\n<div style=\"mso-layout-grid-align: none; mso-pagination: none; text-align: justify; text-autospace: none;\"><span lang=\"ES-TRAD\"><span style=\"font-size: medium;\">Esta noche, la mayor parte de los presentes, al estar acostumbrados a presenciar los audiovisuales de San Borond\u00f3n no experimentar\u00e1n la sensaci\u00f3n de novedad de los que, como yo hace poco, disfrutamos por primera vez de uno de ellos. A los nuevos espectadores les dir\u00e9 que ya estaba enamorad\u00edsimo de mi ciudad de G\u00e1ldar, pero, despu\u00e9s de presenciar esta realizaci\u00f3n, prometo que no me echar\u00e9 otra \u201cnovia\u201d en mi vida. <\/span><span style=\"font-size: medium;\"><o:p><\/o:p><\/span><\/span><\/div>\n<div style=\"mso-layout-grid-align: none; mso-pagination: none; text-align: justify; text-autospace: none;\"><\/div>\n<div style=\"mso-layout-grid-align: none; mso-pagination: none; text-align: justify; text-autospace: none;\"><span lang=\"ES-TRAD\"><span style=\"font-size: medium;\">Antonio Fern\u00e1ndez Bethencourt, Ildefonso Bello Doreste, Mariano Guill\u00e9n Rodr\u00edguez, Pepe D\u00e9vorak y Servando Hern\u00e1ndez Rodr\u00edguez han logrado descubrir los sentimientos galdenses. Han captado y han transmitido c\u00f3mo las motivaciones m\u00e1s humanas se reflejan en un pueblo.<\/span><span style=\"font-size: medium;\">&nbsp; <\/span><span style=\"font-size: medium;\"><o:p><\/o:p><\/span><\/span><\/div>\n<div style=\"mso-layout-grid-align: none; mso-pagination: none; text-align: justify; text-autospace: none;\"><\/div>\n<div style=\"mso-layout-grid-align: none; mso-pagination: none; text-align: justify; text-autospace: none;\"><span lang=\"ES-TRAD\"><span style=\"font-size: medium;\">Por eso, yo, esta noche,<\/span><span style=\"font-size: medium;\">&nbsp; <\/span><span style=\"font-size: medium;\">me atrevo a asumir la representaci\u00f3n de todos mis convecinos de G\u00e1ldar, porque tengo la certeza de que, una vez visto el trabajo de San Borond\u00f3n, se sumar\u00e1n<\/span><span style=\"font-size: medium;\">&nbsp; <\/span><span style=\"font-size: medium;\">todos conmigo, para agradecer el canto po\u00e9tico que nos<\/span><span style=\"font-size: medium;\">&nbsp; <\/span><span style=\"font-size: medium;\">han dedicado.<\/span><span style=\"font-size: medium;\"><o:p><\/o:p><\/span><\/span><\/div>\n<div style=\"mso-layout-grid-align: none; mso-pagination: none; text-align: justify; text-autospace: none;\"><\/div>\n<div style=\"mso-layout-grid-align: none; mso-pagination: none; text-align: justify; text-autospace: none;\"><span lang=\"ES-TRAD\"><span style=\"font-size: medium;\">En los a\u00f1os de mi actividad profesional en el Centro de Arte La Regenta, uno de mis compa\u00f1eros de trabajo, bien entendido en el arte, pero con una inusitada afici\u00f3n hacia lo abstracto, &#8211;<\/span><i><span style=\"font-size: medium;\">que no pretende representar seres o cosas concretas,<\/span><\/i><span style=\"font-size: medium;\"> sino que <\/span><i><span style=\"font-size: medium;\">atiende los elementos de forma, del color, de la estructura-<\/span><\/i><span style=\"font-size: medium;\"> cuando tropezaba con la pintura realista &#8211;<\/span><i><span style=\"font-size: medium;\">que presenta las cosas tal como son<\/span><\/i><span style=\"font-size: medium;\">&#8211; afirmaba con una peculiar expresi\u00f3n: \u201c\u00a1Esto es una fotograf\u00eda!\u201d. En mi humilde entender del arte pict\u00f3rico, yo le replicaba que benditos los que contaban con el don de poder hacer con los pinceles lo que hace una m\u00e1quina. Pero no olvidemos, en ning\u00fan caso, que la fotograf\u00eda es un arte, y ya antiguo, puesto que fue creado por el franc\u00e9s Ni\u00e9pce en 1816, al lograr obtener la primera imagen negativa sobre un papel. Si el inventor levantara hoy la cabeza y viera los adelantos de la digitalizaci\u00f3n, como dicen nuestros mayores, volver\u00eda a morir, pero del susto.<\/span><span style=\"font-size: medium;\"><o:p><\/o:p><\/span><\/span><\/div>\n<div style=\"mso-layout-grid-align: none; mso-pagination: none; text-align: justify; text-autospace: none;\"><\/div>\n<div style=\"mso-layout-grid-align: none; mso-pagination: none; text-align: justify; text-autospace: none;\"><span lang=\"ES-TRAD\"><span style=\"font-size: medium;\">Si don tiene el pintor, no menos don tiene este grupo de artistas, que, como bien dijo el prestigioso escritor Luis Le\u00f3n Barreto <\/span><i><span style=\"font-size: medium;\">son capaces de captar la arquitectura popular, la luminosidad de nuestros cielos, la isla vertical de los acantilados, las corrientes de lavas centenarias, las ermitas sembradas por nuestros campo y, las plazas con laureles de indias\u2026<\/span><\/i><span style=\"font-size: medium;\">Yo tambi\u00e9n les felicito por el meritorio trabajo que llevan a cabo, al inmortalizar preciosas<\/span><span style=\"font-size: medium;\">&nbsp; <\/span><span style=\"font-size: medium;\">im\u00e1genes<\/span><span style=\"font-size: medium;\">&nbsp; <\/span><span style=\"font-size: medium;\">que, al igual que nosotros,<\/span><span style=\"font-size: medium;\">&nbsp; <\/span><span style=\"font-size: medium;\">podr\u00e1n disfrutar las futuras generaciones.<\/span><span style=\"font-size: medium;\"><o:p><\/o:p><\/span><\/span><\/div>\n<div style=\"mso-layout-grid-align: none; mso-pagination: none; text-align: justify; text-autospace: none;\"><\/div>\n<div style=\"mso-layout-grid-align: none; mso-pagination: none; text-align: justify; text-autospace: none;\"><span lang=\"ES-TRAD\"><span style=\"font-size: medium;\">Sin pretenderlo, tanto el Grupo Fotogr\u00e1fico San Borond\u00f3n como quien les habla, coinciden en un objetivo com\u00fan, el de dar a conocer una ciudad en distintos aspectos. <\/span><span style=\"font-size: medium;\"><o:p><\/o:p><\/span><\/span><\/div>\n<div style=\"mso-layout-grid-align: none; mso-pagination: none; text-align: justify; text-autospace: none;\"><\/div>\n<div style=\"mso-layout-grid-align: none; mso-pagination: none; text-align: justify; text-autospace: none;\"><span lang=\"ES-TRAD\"><span style=\"font-size: medium;\">Ya lo adelantaba en 2006 al comienzo de mi publicaci\u00f3n sobre <\/span><i><span style=\"font-size: medium;\">La Ruta Escult\u00f3rica Borges Linares<\/span><\/i><span style=\"font-size: medium;\"> cuando escrib\u00eda: <\/span><i><span style=\"font-size: medium;\">S\u00f3lo deseo que el lector que se encuentre con esta publicaci\u00f3n en sus manos no deje de hojear la totalidad de sus p\u00e1ginas y disfrute de las obras del Artista, sino que<\/span><span style=\"font-size: medium;\">&nbsp; <\/span><span style=\"font-size: medium;\">se comprometa \u2013antes o despu\u00e9s- a visitar la ciudad de su origen y ubicaci\u00f3n, y que, adem\u00e1s, le sirva de pauta para que, cuando se adentre en alg\u00fan<\/span><span style=\"font-size: medium;\">&nbsp; <\/span><span style=\"font-size: medium;\">otro municipio de nuestra regi\u00f3n canaria, no se sienta satisfecho con ver sus casas consistoriales, su iglesia y el parque m\u00e1s cercano, sino que se introduzca en \u00e9l contactando con sus rincones, sus edificios, su gastronom\u00eda, sus costumbres y sus tradiciones y, sobre todo, con sus gentes\u2026 Ojal\u00e1 que todos los municipios tomen como ejemplo esta iniciativa, y utilicen las obras de arte, sean o no de un solo autor, como sus elementos referenciales<\/span><span style=\"font-size: medium;\"><o:p><\/o:p><\/span><\/i><\/span><\/div>\n<div style=\"mso-layout-grid-align: none; mso-pagination: none; text-align: justify; text-autospace: none;\"><\/div>\n<div style=\"mso-layout-grid-align: none; mso-pagination: none; text-align: justify; text-autospace: none;\"><span lang=\"ES-TRAD\"><span style=\"font-size: medium;\">Hoy quiero a\u00f1adir a este comentario que no s\u00f3lo sirven para conocer una ciudad las obras pict\u00f3ricas y escult\u00f3ricas, sino tambi\u00e9n creaciones como estos preciosos documentales audiovisuales. Es nuestra esperanza que, al igual que sucedi\u00f3 con la <\/span><i><span style=\"font-size: medium;\">Ruta Escult\u00f3rica<\/span><\/i><span style=\"font-size: medium;\">, que cont\u00f3 con el respaldo de las Direcciones Generales de Cooperaci\u00f3n y Promoci\u00f3n Cultural y de Promoci\u00f3n Educativa del Gobierno de Canarias, pudiendo as\u00ed ser puesta a disposici\u00f3n de los centros de ense\u00f1anza media y superior, las bibliotecas p\u00fablicas y las asociaciones culturales del Archipi\u00e9lago, encuentren estos<\/span><span style=\"font-size: medium;\">&nbsp; <\/span><span style=\"font-size: medium;\">trabajos un apoyo similar, puesto que, al igual que el ensayo sobre Borges Linares, re\u00fanen<\/span><i><span style=\"font-size: medium;\"> un valor divulgativo de destacados aspectos de la singularidad de nuestra tierra, puestos de relieve tanto en su contenido como en su presentaci\u00f3n.<\/span><span style=\"font-size: medium;\"><o:p><\/o:p><\/span><\/i><\/span><\/div>\n<div style=\"mso-layout-grid-align: none; mso-pagination: none; text-align: justify; text-autospace: none;\"><\/div>\n<div style=\"mso-layout-grid-align: none; mso-pagination: none; text-align: justify; text-autospace: none;\"><span lang=\"ES-TRAD\"><span style=\"font-size: medium;\">Por todo lo expuesto, no me toca<\/span><span style=\"font-size: medium;\">&nbsp; <\/span><span style=\"font-size: medium;\">hablar de la historia de G\u00e1ldar. Afortunadamente contamos con el concurso de las nuevas tecnolog\u00edas, que permiten acudir a varias p\u00e1ginas web, como la del Ayuntamiento y las de diversas instituciones y entidades, donde se informa cumplidamente sobre<\/span><span style=\"font-size: medium;\">&nbsp;&nbsp; <\/span><span style=\"font-size: medium;\">nuestros or\u00edgenes y nuestras costumbres. Entre ellas se encuentra -perd\u00f3nenme la inmodestia- <\/span><i><span style=\"font-size: medium;\">angelruizquesada.com<\/span><\/i><span style=\"font-size: medium;\"> donde se recoge el texto \u00edntegro del preg\u00f3n que en 2007 dediqu\u00e9 a mi pueblo, atenci\u00f3n que ha tenido conmigo la p\u00e1gina principal <\/span><i><span style=\"font-size: medium;\">nuestrasislascanarias.com<\/span><\/i><span style=\"font-size: medium;\">.<\/span><span style=\"font-size: medium;\"><o:p><\/o:p><\/span><\/span><\/div>\n<div style=\"mso-layout-grid-align: none; mso-pagination: none; text-align: justify; text-autospace: none;\"><\/div>\n<div style=\"mso-layout-grid-align: none; mso-pagination: none; text-align: justify; text-autospace: none;\"><span lang=\"ES-TRAD\"><span style=\"font-size: medium;\">Hoy vamos a disfrutar por nosotros mismos, sin ning\u00fan comentario en<\/span><span style=\"font-size: medium;\">&nbsp; <\/span><span style=\"font-size: medium;\">\u201coff\u201d que nos condicione de este maravilloso audiovisual, que les auguro nos har\u00e1 pasar una velada inolvidable. <\/span><span style=\"font-size: medium;\"><o:p><\/o:p><\/span><\/span><\/div>\n<div style=\"mso-layout-grid-align: none; mso-pagination: none; text-align: justify; text-autospace: none;\"><\/div>\n<div style=\"mso-layout-grid-align: none; mso-pagination: none; text-align: justify; text-autospace: none;\"><span lang=\"ES-TRAD\"><span style=\"font-size: medium;\">De la Ciudad de los Guanartemes veremos su preciosa flora,<\/span><span style=\"font-size: medium;\">&nbsp; <\/span><span style=\"font-size: medium;\">sus animales, el cultivo de las cebollas y de las plataneras; el mercadillo, la recova, las vueltas a su plaza principal, sus bares, sus tiendas de aceite y vinagre, las vendedoras de sardinas, los panaderos. Tambi\u00e9n contemplaremos sus signos religiosos, y hasta conoceremos al \u201cTach\u00fa\u201d, personaje muy conocido que ya forma parte del paisaje popular. <\/span><span style=\"font-size: medium;\"><o:p><\/o:p><\/span><\/span><\/div>\n<div style=\"mso-layout-grid-align: none; mso-pagination: none; text-align: justify; text-autospace: none;\"><\/div>\n<div style=\"mso-layout-grid-align: none; mso-pagination: none; text-align: justify; text-autospace: none;\"><span lang=\"ES-TRAD\"><span style=\"font-size: medium;\">Hasta los pl\u00e1sticos de los invernaderos nos parecer\u00e1n entra\u00f1ables.<\/span><span style=\"font-size: medium;\"><o:p><\/o:p><\/span><\/span><\/div>\n<div style=\"mso-layout-grid-align: none; mso-pagination: none; text-align: justify; text-autospace: none;\"><\/div>\n<div style=\"mso-layout-grid-align: none; mso-pagination: none; text-align: justify; text-autospace: none;\"><span lang=\"ES-TRAD\"><span style=\"font-size: medium;\">Es otra manera de descubrir a una poblaci\u00f3n de la que ni sus propios habitantes saben que es tan<\/span><span style=\"font-size: medium;\">&nbsp; <\/span><span style=\"font-size: medium;\">hermosa.<\/span><span style=\"font-size: medium;\"><o:p><\/o:p><\/span><\/span><\/div>\n<div style=\"mso-layout-grid-align: none; mso-pagination: none; text-align: justify; text-autospace: none;\"><\/div>\n<div style=\"mso-layout-grid-align: none; mso-pagination: none; text-align: justify; text-autospace: none;\"><span lang=\"ES-TRAD\"><span style=\"font-size: medium;\">Disfrutemos con el Audiovisual que el Grupo Fotogr\u00e1fico San Borond\u00f3n nos ha dedicado con tanto vigor, lleno de preciosas im\u00e1genes acompa\u00f1adas, como dije, de una extraordinaria selecci\u00f3n musical.<\/span><span style=\"font-size: medium;\"><o:p><\/o:p><\/span><\/span><\/div>\n<div style=\"mso-layout-grid-align: none; mso-pagination: none; text-align: justify; text-autospace: none;\"><\/div>\n<div style=\"mso-layout-grid-align: none; mso-pagination: none; text-align: justify; text-autospace: none;\"><span lang=\"ES-TRAD\"><span style=\"font-size: medium;\">Muchas gracias por la atenci\u00f3n prestada.<\/span><span style=\"font-size: medium;\"><o:p><\/o:p><\/span><\/span><\/div>\n<div style=\"mso-layout-grid-align: none; mso-pagination: none; text-align: justify; text-autospace: none;\"><\/div>\n<div style=\"text-align: right;\"><span lang=\"ES-TRAD\"><span style=\"font-size: medium;\">&nbsp;&nbsp;&nbsp;&nbsp;&nbsp;&nbsp;&nbsp;&nbsp;&nbsp;&nbsp;&nbsp;&nbsp;&nbsp;&nbsp;&nbsp;&nbsp;&nbsp;&nbsp;&nbsp;&nbsp;&nbsp;&nbsp;&nbsp;&nbsp;&nbsp;&nbsp;&nbsp;&nbsp;&nbsp;&nbsp;&nbsp;&nbsp;&nbsp;&nbsp;&nbsp;&nbsp;&nbsp;&nbsp;&nbsp;&nbsp;&nbsp;&nbsp;&nbsp;&nbsp;&nbsp;&nbsp;&nbsp;&nbsp;&nbsp;&nbsp;&nbsp;&nbsp;&nbsp; <\/span><span style=\"font-size: medium;\">\u00c1ngel Ruiz Quesada<\/span><span style=\"font-size: medium;\"><o:p><\/o:p><\/span><\/span><\/div>\n<div style=\"text-align: right;\"><span lang=\"ES-TRAD\"><span style=\"font-size: medium;\">Martes, 28 de abril de 2009<\/span><o:p><\/o:p><\/span><\/div>\n","protected":false},"excerpt":{"rendered":"<p>Presentaci\u00f3n del AUDIOVISUAL MUNICIPIO DE G\u00c1LDAR Centro de Iniciativas de [&hellip;]<\/p>\n","protected":false},"author":2,"featured_media":0,"comment_status":"open","ping_status":"open","sticky":false,"template":"","format":"standard","meta":{"ngg_post_thumbnail":0,"footnotes":""},"categories":[70,1],"tags":[],"class_list":["post-62506","post","type-post","status-publish","format-standard","hentry","category-mis-articulos","category-uncategorized"],"acf":[],"yoast_head":"<!-- This site is optimized with the Yoast SEO plugin v24.1 - https:\/\/yoast.com\/wordpress\/plugins\/seo\/ -->\n<title>Grupo Fotogr\u00e1fico San Borondon - El Rinconcito de Mis Cositas<\/title>\n<meta name=\"robots\" content=\"index, follow, max-snippet:-1, max-image-preview:large, max-video-preview:-1\" \/>\n<link rel=\"canonical\" href=\"https:\/\/angelruizquesada.com\/borges\/grupo-fotografico-san-borondon\/\" \/>\n<meta property=\"og:locale\" content=\"es_ES\" \/>\n<meta property=\"og:type\" content=\"article\" \/>\n<meta property=\"og:title\" content=\"Grupo Fotogr\u00e1fico San Borondon - El Rinconcito de Mis Cositas\" \/>\n<meta property=\"og:description\" content=\"Presentaci\u00f3n del AUDIOVISUAL MUNICIPIO DE G\u00c1LDAR Centro de Iniciativas de [&hellip;]\" \/>\n<meta property=\"og:url\" content=\"https:\/\/angelruizquesada.com\/borges\/grupo-fotografico-san-borondon\/\" \/>\n<meta property=\"og:site_name\" content=\"El Rinconcito de Mis Cositas\" \/>\n<meta property=\"article:published_time\" content=\"2009-04-29T07:36:00+00:00\" \/>\n<meta property=\"article:modified_time\" content=\"2020-05-05T06:47:48+00:00\" \/>\n<meta property=\"og:image\" content=\"http:\/\/2.bp.blogspot.com\/_1YR9fkmJga0\/SfgDf_BMB3I\/AAAAAAAAizo\/T-JptsNq7J8\/s320\/DSC05081.JPG\" \/>\n<meta name=\"twitter:card\" content=\"summary_large_image\" \/>\n<meta name=\"twitter:label1\" content=\"Escrito por\" \/>\n\t<meta name=\"twitter:data1\" content=\"\" \/>\n\t<meta name=\"twitter:label2\" content=\"Tiempo de lectura\" \/>\n\t<meta name=\"twitter:data2\" content=\"9 minutos\" \/>\n<script type=\"application\/ld+json\" class=\"yoast-schema-graph\">{\"@context\":\"https:\/\/schema.org\",\"@graph\":[{\"@type\":\"WebPage\",\"@id\":\"https:\/\/angelruizquesada.com\/borges\/grupo-fotografico-san-borondon\/\",\"url\":\"https:\/\/angelruizquesada.com\/borges\/grupo-fotografico-san-borondon\/\",\"name\":\"Grupo Fotogr\u00e1fico San Borondon - El Rinconcito de Mis Cositas\",\"isPartOf\":{\"@id\":\"https:\/\/angelruizquesada.com\/borges\/#website\"},\"primaryImageOfPage\":{\"@id\":\"https:\/\/angelruizquesada.com\/borges\/grupo-fotografico-san-borondon\/#primaryimage\"},\"image\":{\"@id\":\"https:\/\/angelruizquesada.com\/borges\/grupo-fotografico-san-borondon\/#primaryimage\"},\"thumbnailUrl\":\"http:\/\/2.bp.blogspot.com\/_1YR9fkmJga0\/SfgDf_BMB3I\/AAAAAAAAizo\/T-JptsNq7J8\/s320\/DSC05081.JPG\",\"datePublished\":\"2009-04-29T07:36:00+00:00\",\"dateModified\":\"2020-05-05T06:47:48+00:00\",\"author\":{\"@id\":\"\"},\"breadcrumb\":{\"@id\":\"https:\/\/angelruizquesada.com\/borges\/grupo-fotografico-san-borondon\/#breadcrumb\"},\"inLanguage\":\"es\",\"potentialAction\":[{\"@type\":\"ReadAction\",\"target\":[\"https:\/\/angelruizquesada.com\/borges\/grupo-fotografico-san-borondon\/\"]}]},{\"@type\":\"ImageObject\",\"inLanguage\":\"es\",\"@id\":\"https:\/\/angelruizquesada.com\/borges\/grupo-fotografico-san-borondon\/#primaryimage\",\"url\":\"http:\/\/2.bp.blogspot.com\/_1YR9fkmJga0\/SfgDf_BMB3I\/AAAAAAAAizo\/T-JptsNq7J8\/s320\/DSC05081.JPG\",\"contentUrl\":\"http:\/\/2.bp.blogspot.com\/_1YR9fkmJga0\/SfgDf_BMB3I\/AAAAAAAAizo\/T-JptsNq7J8\/s320\/DSC05081.JPG\"},{\"@type\":\"BreadcrumbList\",\"@id\":\"https:\/\/angelruizquesada.com\/borges\/grupo-fotografico-san-borondon\/#breadcrumb\",\"itemListElement\":[{\"@type\":\"ListItem\",\"position\":1,\"name\":\"Portada\",\"item\":\"https:\/\/angelruizquesada.com\/borges\/\"},{\"@type\":\"ListItem\",\"position\":2,\"name\":\"Grupo Fotogr\u00e1fico San Borondon\"}]},{\"@type\":\"WebSite\",\"@id\":\"https:\/\/angelruizquesada.com\/borges\/#website\",\"url\":\"https:\/\/angelruizquesada.com\/borges\/\",\"name\":\"El Rinconcito de Mis Cositas\",\"description\":\"Historia y Pol\u00edtica Social por \u00c1ngel Ruiz Quesada\",\"potentialAction\":[{\"@type\":\"SearchAction\",\"target\":{\"@type\":\"EntryPoint\",\"urlTemplate\":\"https:\/\/angelruizquesada.com\/borges\/?s={search_term_string}\"},\"query-input\":{\"@type\":\"PropertyValueSpecification\",\"valueRequired\":true,\"valueName\":\"search_term_string\"}}],\"inLanguage\":\"es\"},{\"@type\":\"Person\",\"@id\":\"\",\"url\":\"https:\/\/angelruizquesada.com\/borges\/author\/\"}]}<\/script>\n<!-- \/ Yoast SEO plugin. -->","yoast_head_json":{"title":"Grupo Fotogr\u00e1fico San Borondon - El Rinconcito de Mis Cositas","robots":{"index":"index","follow":"follow","max-snippet":"max-snippet:-1","max-image-preview":"max-image-preview:large","max-video-preview":"max-video-preview:-1"},"canonical":"https:\/\/angelruizquesada.com\/borges\/grupo-fotografico-san-borondon\/","og_locale":"es_ES","og_type":"article","og_title":"Grupo Fotogr\u00e1fico San Borondon - El Rinconcito de Mis Cositas","og_description":"Presentaci\u00f3n del AUDIOVISUAL MUNICIPIO DE G\u00c1LDAR Centro de Iniciativas de [&hellip;]","og_url":"https:\/\/angelruizquesada.com\/borges\/grupo-fotografico-san-borondon\/","og_site_name":"El Rinconcito de Mis Cositas","article_published_time":"2009-04-29T07:36:00+00:00","article_modified_time":"2020-05-05T06:47:48+00:00","og_image":[{"url":"http:\/\/2.bp.blogspot.com\/_1YR9fkmJga0\/SfgDf_BMB3I\/AAAAAAAAizo\/T-JptsNq7J8\/s320\/DSC05081.JPG","type":"","width":"","height":""}],"twitter_card":"summary_large_image","twitter_misc":{"Escrito por":"","Tiempo de lectura":"9 minutos"},"schema":{"@context":"https:\/\/schema.org","@graph":[{"@type":"WebPage","@id":"https:\/\/angelruizquesada.com\/borges\/grupo-fotografico-san-borondon\/","url":"https:\/\/angelruizquesada.com\/borges\/grupo-fotografico-san-borondon\/","name":"Grupo Fotogr\u00e1fico San Borondon - El Rinconcito de Mis Cositas","isPartOf":{"@id":"https:\/\/angelruizquesada.com\/borges\/#website"},"primaryImageOfPage":{"@id":"https:\/\/angelruizquesada.com\/borges\/grupo-fotografico-san-borondon\/#primaryimage"},"image":{"@id":"https:\/\/angelruizquesada.com\/borges\/grupo-fotografico-san-borondon\/#primaryimage"},"thumbnailUrl":"http:\/\/2.bp.blogspot.com\/_1YR9fkmJga0\/SfgDf_BMB3I\/AAAAAAAAizo\/T-JptsNq7J8\/s320\/DSC05081.JPG","datePublished":"2009-04-29T07:36:00+00:00","dateModified":"2020-05-05T06:47:48+00:00","author":{"@id":""},"breadcrumb":{"@id":"https:\/\/angelruizquesada.com\/borges\/grupo-fotografico-san-borondon\/#breadcrumb"},"inLanguage":"es","potentialAction":[{"@type":"ReadAction","target":["https:\/\/angelruizquesada.com\/borges\/grupo-fotografico-san-borondon\/"]}]},{"@type":"ImageObject","inLanguage":"es","@id":"https:\/\/angelruizquesada.com\/borges\/grupo-fotografico-san-borondon\/#primaryimage","url":"http:\/\/2.bp.blogspot.com\/_1YR9fkmJga0\/SfgDf_BMB3I\/AAAAAAAAizo\/T-JptsNq7J8\/s320\/DSC05081.JPG","contentUrl":"http:\/\/2.bp.blogspot.com\/_1YR9fkmJga0\/SfgDf_BMB3I\/AAAAAAAAizo\/T-JptsNq7J8\/s320\/DSC05081.JPG"},{"@type":"BreadcrumbList","@id":"https:\/\/angelruizquesada.com\/borges\/grupo-fotografico-san-borondon\/#breadcrumb","itemListElement":[{"@type":"ListItem","position":1,"name":"Portada","item":"https:\/\/angelruizquesada.com\/borges\/"},{"@type":"ListItem","position":2,"name":"Grupo Fotogr\u00e1fico San Borondon"}]},{"@type":"WebSite","@id":"https:\/\/angelruizquesada.com\/borges\/#website","url":"https:\/\/angelruizquesada.com\/borges\/","name":"El Rinconcito de Mis Cositas","description":"Historia y Pol\u00edtica Social por \u00c1ngel Ruiz Quesada","potentialAction":[{"@type":"SearchAction","target":{"@type":"EntryPoint","urlTemplate":"https:\/\/angelruizquesada.com\/borges\/?s={search_term_string}"},"query-input":{"@type":"PropertyValueSpecification","valueRequired":true,"valueName":"search_term_string"}}],"inLanguage":"es"},{"@type":"Person","@id":"","url":"https:\/\/angelruizquesada.com\/borges\/author\/"}]}},"_links":{"self":[{"href":"https:\/\/angelruizquesada.com\/borges\/wp-json\/wp\/v2\/posts\/62506","targetHints":{"allow":["GET"]}}],"collection":[{"href":"https:\/\/angelruizquesada.com\/borges\/wp-json\/wp\/v2\/posts"}],"about":[{"href":"https:\/\/angelruizquesada.com\/borges\/wp-json\/wp\/v2\/types\/post"}],"author":[{"embeddable":true,"href":"https:\/\/angelruizquesada.com\/borges\/wp-json\/wp\/v2\/users\/2"}],"replies":[{"embeddable":true,"href":"https:\/\/angelruizquesada.com\/borges\/wp-json\/wp\/v2\/comments?post=62506"}],"version-history":[{"count":1,"href":"https:\/\/angelruizquesada.com\/borges\/wp-json\/wp\/v2\/posts\/62506\/revisions"}],"predecessor-version":[{"id":62582,"href":"https:\/\/angelruizquesada.com\/borges\/wp-json\/wp\/v2\/posts\/62506\/revisions\/62582"}],"wp:attachment":[{"href":"https:\/\/angelruizquesada.com\/borges\/wp-json\/wp\/v2\/media?parent=62506"}],"wp:term":[{"taxonomy":"category","embeddable":true,"href":"https:\/\/angelruizquesada.com\/borges\/wp-json\/wp\/v2\/categories?post=62506"},{"taxonomy":"post_tag","embeddable":true,"href":"https:\/\/angelruizquesada.com\/borges\/wp-json\/wp\/v2\/tags?post=62506"}],"curies":[{"name":"wp","href":"https:\/\/api.w.org\/{rel}","templated":true}]}}