{"id":62483,"date":"2020-05-03T11:39:59","date_gmt":"2020-05-03T09:39:59","guid":{"rendered":"https:\/\/nortegrancanaria.com\/?p=62483"},"modified":"2020-05-05T06:23:01","modified_gmt":"2020-05-05T06:23:01","slug":"reflexion-para-nuestros-nietos-por-angel-ruiz-quesada","status":"publish","type":"post","link":"https:\/\/angelruizquesada.com\/borges\/reflexion-para-nuestros-nietos-por-angel-ruiz-quesada\/","title":{"rendered":"Reflexi\u00f3n para nuestros nietos por \u00c1ngel Ru\u00edz Quesada"},"content":{"rendered":"<p class=\"dropcap-first\">Queridas amigas, queridos amigos, recordar\u00e1n que el pasado viernes les dedicaba un reconocimiento a todas nuestras abuelas y a todos nuestros abuelos, antes de continuar, quiero hacer mi grato agradecimiento a los dos amigos, Juan Vega Molina y Fernando Malaxechevarria Su\u00e1rez, que, con su grabaci\u00f3n y posterior elaboraci\u00f3n de un peque\u00f1o y hermoso v\u00eddeo, han tenido en las redes sociales, especialmente en nortegrancanaria.es centenares de visitas. Y lo hago porque ese es mi objetivo, l\u00f3gicamente primero por esta emisora de Onda Canaria, y luego a trav\u00e9s de esas redes para que llegue a todos los que como nosotros estamos viviendo este \u201cresguardo obligatorio\u201d, resguardo que ya, afortunadamente, por etapas, se est\u00e1 viendo la luz de la otra parte del t\u00fanel.<\/p>\n<p>Si en la anterior les dije que me permitieran personalizarla, igual lo hago en este caso, y la personalizo en nuestro nieto Daniel Gonz\u00e1lez Ruiz. Aunque eso s\u00ed, les dir\u00e9 que tambi\u00e9n he contado con la participaci\u00f3n de cuatro nietos m\u00e1s, en este caso, de otras familias, una ni\u00f1a y tres ni\u00f1os entre los ocho y los 14 a\u00f1os, as\u00ed que las abuelas y los abuelos que me escuchan, se los pueden aplicar. Escog\u00ed los municipios de G\u00e1ldar y Gu\u00eda, ambos del casco y de las median\u00edas. He preferido por respeto a todos ellos no mencionar sus nombres, eso s\u00ed, los tengo recogido y bien guardado para si Dios lo quiere, en mi pr\u00f3xima publicaci\u00f3n, naturalmente, con la autorizaci\u00f3n paternal debida, recoger todos sus datos, con todos los detalles tal como se desarrollaban las entrevistas telef\u00f3nicas.<\/p>\n<div class=\"column-group columns-2\"><\/p>\n<p><div class=\"column column-number-1 column-span-1\"><p>Tengo la certeza que, al igual que ha hecho nuestro nieto con nosotros, que, como ejercicio de clases, nos han realizado varias entrevistas, pregunt\u00e1ndonos cuales eran nuestros juegos de peque\u00f1os, cuales eran nuestras preferencias, con quienes jug\u00e1bamos, y lo m\u00e1s que les extra\u00f1aban era cuando le dec\u00edamos que en nuestro colegio \u201cla Escuela P\u00fablica \u201c. Hoy, Colegio P\u00fablico Fernando Guanarteme, las ni\u00f1as estaban por un lateral y los ni\u00f1os por el otro. Incluso, nos preguntaba si jug\u00e1bamos juntos. Asombraditos se quedaban cuando les dec\u00edamos aquello de \u201clos ni\u00f1os con los ni\u00f1os y las ni\u00f1as con las ni\u00f1as\u201d. Afortunadamente, \u201caquellos tiempos\u201d ya pertenecen a la historia.<\/p>\n<p>Esto, me sirvi\u00f3 de justificaci\u00f3n para realizarles una entrevista a cada uno de ellos con las mismas preguntas, en este caso unas 24, para que de alguna manera nos contaran cual es su impresi\u00f3n sobre esta situaci\u00f3n que estamos viviendo. A ninguno hubo necesidad de dej\u00e1rselas con anterioridad para que se la estudiasen, ya que ese fue mi objetivo. No obstante, antes, se las le\u00eda a cada una de las madres o padres para su conocimiento, a las cuales mi sincero agradecimiento, y, al momento me pasaban con el protagonista, Naturalmente, tanto las preguntas como las respuestas no voy a redactarlas individualmente, eso se lo expliqu\u00e9 a cada uno de ellos. Y con todas ellas quiero compartir con ustedes esta reflexi\u00f3n que he hecho con las mismas.<\/p>\n<\/div><\/p>\n<p><div class=\"column column-number-2 last column-span-1\"><p>Tenemos unos nietos de lujo, y si no, yo les retar\u00eda que con el tiempo que tenemos, hagan lo que yo he hecho, que no lo hagan solo los que tengan la suerte de ser su profesor, ya que lo hacen por l\u00f3gica de una manera quiz\u00e1s mec\u00e1nica debido a su profesi\u00f3n, no todos por supuesto. Pero me refiero a otros como nosotros dos, mi mujer y yo, que no lo somos. Nos llevamos una sorpresa enorme. Estos d\u00edas o\u00eda a una se\u00f1ora decir que \u201cafortunadamente\u201d el padre, y la familia, est\u00e1n compartiendo la dif\u00edcil tarea de cuidar a un hijo, a un nieto\u2026 pues quieras o no, por nuestra cultura, esta tarea ha estado m\u00e1s a cargo de las madres y de las abuelas, que de los padres y de los abuelos, afortunadamente, perm\u00edtanme la redundancia, ya el hombre, actualmente est\u00e1 compartiendo de manera natural todas estas labores incluidas las del hogar. Yo, me pongo, por ejemplo, mis cinco hijas, pr\u00e1cticamente, por mi situaci\u00f3n laboral, mi mujer era la encargada de llevarlas y traerlas del colegio, de cuidarlas, de llevarlas al m\u00e9dico, en una palabra, casi totalmente de su educaci\u00f3n, ya que, al hombre, no se le pod\u00eda molestar, porque de madrugada ten\u00eda que salir a trabajar y llegaba casi al atardecer, muchas veces de noche. Solo ayudaba en este quehacer los fines de semana.<\/p>\n<p>Hoy, puedo disfrutar de mi nieto, justo vino junto a mi jubilaci\u00f3n, unos tres meses despu\u00e9s hace ya unos once a\u00f1itos aproximadamente, \u00e9l como les dije, es Daniel Gonz\u00e1lez Ruiz, aprovechando esta situaci\u00f3n como digo, se me ocurri\u00f3 hacerle unas entrevistas tanto a \u00e9l como a varios de sus compa\u00f1eros, no solo de clase, sino tambi\u00e9n como compa\u00f1eros de juegos.<\/p>\n<\/div><\/p>\n<p><\/div>\n<p>Con mucha soltura, me dec\u00edan su nombre, su edad, sus padres, quienes estaban separados, como si de una costumbre normal se tratase, la relaci\u00f3n que lleva con los mismos, como se ponen en contacto con ellos, d\u00e1ndonos una gran lecci\u00f3n de Relaciones Humanas extraordinaria, m\u00e1s adultos que algunos de los \u201cpropios adultos\u201d. C\u00f3mo se llamaba sus Colegios, en qu\u00e9 curso est\u00e1n, d\u00f3nde se encuentran confinados, unos en casa terrera, otros en pisos, incluso de protecci\u00f3n oficial alguno. Cuando les preguntaba si est\u00e1n estudiando, muy alegres contestaban que s\u00ed lo est\u00e1n haciendo, con sus horas puntuales en internet, te hablan de internet como si fu\u00e9ramos nosotros cuando ten\u00edamos la edad de ellos, hablando de una mu\u00f1eca de trapo, una pelota de papel o de un carro de tablas. L\u00e1stima que, a estas alturas, nos hablen de que tienen que ajustarse al tiempo estable de las se\u00f1ales, como me dec\u00edan dos de ellos, no solo de las median\u00edas, incluso, algunos de los del casco tanto de G\u00e1ldar como de Gu\u00eda, que no cuentan con estos medios y se \u201ctienen que buscar la vida\u201d de cualquier manera. Me dieron una lecci\u00f3n de la \u201cfibra \u00f3ptica\u201d, pregunt\u00e1ndome que como es posible que haya lugares que no cuentan con ella, yo, me qued\u00e9 sin argumento alguno para explic\u00e1rselo.<\/p>\n<p>Hablaban de sus profesores y profesoras de una manera fant\u00e1stica, para ellos son grandes personalidades, que constantemente est\u00e1n al tanto de sus ejercicios, abiertos a o\u00edrlos en cualquier momento si tienen dudas, como si de unos buenos amigos se tratara.<\/p>\n<p>Con mucha naturalidad, te hablan del contacto que tienen con sus amigos por medios de las v\u00eddeo-llamadas, cosa a la que no est\u00e1bamos acostumbrados los mayores, que a veces, cuando lo hacemos con la familia, intentamos besar la pantalla de los m\u00f3viles sin darnos cuenta que se trata de un cristal, sobre todo cuando vemos a nuestros nietos en ellas.<\/p>\n<p>Cuando les preguntaba por el \u201cnefasto coronavirus\u201d y de d\u00f3nde ven\u00eda, todos coincid\u00edan en decir algo igual, no cabe la menor duda de que tanto los profesores como los padres, le han dado una explicaci\u00f3n ajustada a su edad, con toda seguridad, aquellos que pueden, y que saben hacerlo, habr\u00e1n consultado la p\u00e1gina web (www.redacci\u00f3nmedica.com), donde lo explican de manera profesional, especialistas en la medicina y en la psicolog\u00eda. Ah\u00ed nos dicen que, evitemos hacer referencia a las personas que est\u00e1n muy enfermas o han fallecido, as\u00ed como Informar que la mayor\u00eda de los casos se recuperan el 80 por ciento, pero los mayores son los que m\u00e1s deben cuidarse de este virus\u2026 Evitar tocarse los ojos, la nariz o la boca \u201ccomo un juego en el que pierde un punto quien lo haga\u201d y luego tambi\u00e9n hacen una amplia referencia de cual debe ser su comportamiento, tales como: Procurar un h\u00e1bito de horarios, tareas y responsabilidad en base a su edad, dedicando un tiempo diario a la lectura, y a dichas tareas o estimulaci\u00f3n intelectual. De verdad que, vale la pena visitarlas, y aquel que, aunque tenga los medios no lo sepa hacer, preg\u00fantenles a los mismos, es decir a nuestros nietos, con la direcci\u00f3n de la p\u00e1gina que autom\u00e1ticamente nos la ponen delante de nuestros ojos.<\/p>\n<p>A algunos les pregunt\u00e9 antes y a otros despu\u00e9s de la \u201cprimera salida del pasado domingo, unos, l\u00f3gicamente los que residen en un piso peque\u00f1o deseaban hacerlo y otros no les importaban mucho, pues se sienten felices no solo con el lugar, los que son casas terreras, sino con la convivencia que tiene con sus familiares las 24 horas del d\u00eda. Curiosamente, uno de ellos que est\u00e1 conviviendo con uno de sus t\u00edos en una residencia amplia, me dijo que, si tuviese que estar en la casa de sus padres, \u201cse subir\u00eda por las paredes\u201d.<\/p>\n<p>Al final de cada entrevista, yo les dec\u00eda que se imaginaran estar en una emisora de radio o en una televisi\u00f3n dirigi\u00e9ndose a nosotros los mayores, y que nos comunicaran el mensaje que se les ocurriera para paliar el comportamiento de nosotros ante esta \u201cenfermedad\u201d (como ellos le llaman):<\/p>\n<p>Es precioso, nos aconsejan, a los mayores, porque entienden que somos los que m\u00e1s cuidados necesitamos, que no salgamos de casa hasta que las autoridades nos digan que lo podemos hacer.<\/p>\n<p>Que, debido al Coronavirus, ve que muchas personas ayudan a los necesitados d\u00e1ndoles comida y muchas cosas. Dice que, debemos hacerlo tambi\u00e9n cuando no tengamos ninguna enfermedad, que, si ahora los recogen en sus viviendas, que los recojan tambi\u00e9n despu\u00e9s para toda la vida.<\/p>\n<p>Otro nos dijo: Que no tengamos miedo, que \u201cesto\u201d se pasa rapid\u00edsimo, que tengamos precauci\u00f3n pero que no nos aburramos, \u201cesto\u201d pasa super r\u00e1pido, pero, que estemos felices y que no estemos tristes\u2026 \u00a1Qu\u00e9 bonito!&#8230;<\/p>\n<p>Dec\u00eda el pol\u00edtico estadounidense, Abraham Lincoln, yo no s\u00e9 quien fue mi abuelo: me importa mucho m\u00e1s saber qui\u00e9n ser\u00e1 su nieto.<\/p>\n<p>As\u00ed que, no les defraudemos, ellos no tienen culpa alguna del comportamiento de la humanidad, especialmente de los que nos gobiernan, no tienen culpa que sean tan ego\u00edstas, tan crueles, tan soberbios, tan mentirosos. Olvid\u00e9monos de nosotros y pensemos en nuestros nietos, ellos tienen puesta toda su fe, toda su esperanza de que estamos luchando por un mundo mejor, el mundo que se merecen, el mundo que le cost\u00f3 la vida a muchos de nuestros padres, y a muchos de nuestros abuelos. Por ello, como bien dice el escritor cristiano evang\u00e9lico Josh McDowell,<\/p>\n<p>-Deber\u00e1s de prepararte para responder las preguntas de tus hijos y tus nietos, sin importar la pregunta, y sin ser cr\u00edtico.<br \/>\nY ahora, me van a permitir, que cierre mi intervenci\u00f3n con un bello poema, que mi buen amigo, el poeta Chano Sosa, el Cronista de nuestra vecina ciudad de Agaete, le dedic\u00f3 a mi nieto, en su llegada a este mundo. Es un soneto, los eruditos en las letras saben que no es tan f\u00e1cil hacerlo, pues se trata de composici\u00f3n po\u00e9tica formada por catorce versos (Es decir catorce l\u00edneas), de arte mayor, generalmente endecas\u00edlabos, y rima consonante, que se distribuyen en dos cuartetos y dos tercetos.<\/p>\n<p>\u00abel soneto castellano es de influencia italiana y se empieza a ensayar en el siglo XV\u00bb<\/p>\n<p>Por ello, cada uno de los que me escuchan, p\u00f3ngales el nombre de su nieta, de su nieto y se lo dedicamos a todos ellos.<\/p>\n<h5 style=\"text-align: center;\"><strong>Di\u00e1logo entre Daniel y su abuelo<\/strong><br \/>\n<strong>\u00c1ngel Ruiz Quesada, ideal.<\/strong><\/h5>\n<p style=\"text-align: center;\">T\u00fa quieres que yo sea tu heredero<br \/>\ny yo, mejor quisiera ser tu amigo<br \/>\ny as\u00ed compartir\u00eda todo contigo,<br \/>\nel pan, el horizonte y el sendero.<\/p>\n<p style=\"text-align: center;\">Las golondrinas ver en el alero,<br \/>\ny las cebollas rojas junto al trigo<br \/>\ny sentirme feliz con el abrigo<br \/>\nque da el sol y la mar de enero a enero.<\/p>\n<p style=\"text-align: center;\">En mis dedos yo llevo la equidad<br \/>\ny en mi frente la luz. Y buscar\u00e9<br \/>\nun camino de Paz y libertad.<\/p>\n<p style=\"text-align: center;\">No deseo ritmos ni banderas. No.<br \/>\nescuchadme, que s\u00f3lo os pedir\u00e9<br \/>\nque mi abuela me cante un arrorr\u00f3.<\/p>\n<p>Nada m\u00e1s, muchas gracias a todos y a los que debemos continuar en casa, como bien nos dijo uno de los ni\u00f1os, estemos felices y que no estemos tristes.<\/p>\n<p>Un saludo cari\u00f1oso a todas y a todos.<\/p>\n<div class=\"video-shortcode\"><iframe title=\"Reconocimiento a nuestros nietos\" width=\"1766\" height=\"993\" src=\"https:\/\/www.youtube.com\/embed\/utB66UoyniE?feature=oembed\" frameborder=\"0\" allow=\"accelerometer; autoplay; clipboard-write; encrypted-media; gyroscope; picture-in-picture\" allowfullscreen><\/iframe><\/div>\n<p>&nbsp;<\/p>\n","protected":false},"excerpt":{"rendered":"<p>Queridas amigas, queridos amigos, recordar\u00e1n que el pasado viernes les [&hellip;]<\/p>\n","protected":false},"author":2,"featured_media":61858,"comment_status":"open","ping_status":"open","sticky":false,"template":"","format":"standard","meta":{"ngg_post_thumbnail":0,"footnotes":""},"categories":[69],"tags":[],"class_list":["post-62483","post","type-post","status-publish","format-standard","has-post-thumbnail","hentry","category-mis-reflexiones"],"acf":[],"yoast_head":"<!-- This site is optimized with the Yoast SEO plugin v24.1 - https:\/\/yoast.com\/wordpress\/plugins\/seo\/ -->\n<title>Reflexi\u00f3n para nuestros nietos por \u00c1ngel Ru\u00edz Quesada - El Rinconcito de Mis Cositas<\/title>\n<meta name=\"robots\" content=\"index, follow, max-snippet:-1, max-image-preview:large, max-video-preview:-1\" \/>\n<link rel=\"canonical\" href=\"https:\/\/angelruizquesada.com\/borges\/reflexion-para-nuestros-nietos-por-angel-ruiz-quesada\/\" \/>\n<meta property=\"og:locale\" content=\"es_ES\" \/>\n<meta property=\"og:type\" content=\"article\" \/>\n<meta property=\"og:title\" content=\"Reflexi\u00f3n para nuestros nietos por \u00c1ngel Ru\u00edz Quesada - El Rinconcito de Mis Cositas\" \/>\n<meta property=\"og:description\" content=\"Queridas amigas, queridos amigos, recordar\u00e1n que el pasado viernes les [&hellip;]\" \/>\n<meta property=\"og:url\" content=\"https:\/\/angelruizquesada.com\/borges\/reflexion-para-nuestros-nietos-por-angel-ruiz-quesada\/\" \/>\n<meta property=\"og:site_name\" content=\"El Rinconcito de Mis Cositas\" \/>\n<meta property=\"article:published_time\" content=\"2020-05-03T09:39:59+00:00\" \/>\n<meta property=\"article:modified_time\" content=\"2020-05-05T06:23:01+00:00\" \/>\n<meta name=\"twitter:card\" content=\"summary_large_image\" \/>\n<meta name=\"twitter:label1\" content=\"Escrito por\" \/>\n\t<meta name=\"twitter:data1\" content=\"\" \/>\n\t<meta name=\"twitter:label2\" content=\"Tiempo de lectura\" \/>\n\t<meta name=\"twitter:data2\" content=\"11 minutos\" \/>\n<script type=\"application\/ld+json\" class=\"yoast-schema-graph\">{\"@context\":\"https:\/\/schema.org\",\"@graph\":[{\"@type\":\"WebPage\",\"@id\":\"https:\/\/angelruizquesada.com\/borges\/reflexion-para-nuestros-nietos-por-angel-ruiz-quesada\/\",\"url\":\"https:\/\/angelruizquesada.com\/borges\/reflexion-para-nuestros-nietos-por-angel-ruiz-quesada\/\",\"name\":\"Reflexi\u00f3n para nuestros nietos por \u00c1ngel Ru\u00edz Quesada - El Rinconcito de Mis Cositas\",\"isPartOf\":{\"@id\":\"https:\/\/angelruizquesada.com\/borges\/#website\"},\"primaryImageOfPage\":{\"@id\":\"https:\/\/angelruizquesada.com\/borges\/reflexion-para-nuestros-nietos-por-angel-ruiz-quesada\/#primaryimage\"},\"image\":{\"@id\":\"https:\/\/angelruizquesada.com\/borges\/reflexion-para-nuestros-nietos-por-angel-ruiz-quesada\/#primaryimage\"},\"thumbnailUrl\":\"\",\"datePublished\":\"2020-05-03T09:39:59+00:00\",\"dateModified\":\"2020-05-05T06:23:01+00:00\",\"author\":{\"@id\":\"\"},\"breadcrumb\":{\"@id\":\"https:\/\/angelruizquesada.com\/borges\/reflexion-para-nuestros-nietos-por-angel-ruiz-quesada\/#breadcrumb\"},\"inLanguage\":\"es\",\"potentialAction\":[{\"@type\":\"ReadAction\",\"target\":[\"https:\/\/angelruizquesada.com\/borges\/reflexion-para-nuestros-nietos-por-angel-ruiz-quesada\/\"]}]},{\"@type\":\"ImageObject\",\"inLanguage\":\"es\",\"@id\":\"https:\/\/angelruizquesada.com\/borges\/reflexion-para-nuestros-nietos-por-angel-ruiz-quesada\/#primaryimage\",\"url\":\"\",\"contentUrl\":\"\"},{\"@type\":\"BreadcrumbList\",\"@id\":\"https:\/\/angelruizquesada.com\/borges\/reflexion-para-nuestros-nietos-por-angel-ruiz-quesada\/#breadcrumb\",\"itemListElement\":[{\"@type\":\"ListItem\",\"position\":1,\"name\":\"Portada\",\"item\":\"https:\/\/angelruizquesada.com\/borges\/\"},{\"@type\":\"ListItem\",\"position\":2,\"name\":\"Reflexi\u00f3n para nuestros nietos por \u00c1ngel Ru\u00edz Quesada\"}]},{\"@type\":\"WebSite\",\"@id\":\"https:\/\/angelruizquesada.com\/borges\/#website\",\"url\":\"https:\/\/angelruizquesada.com\/borges\/\",\"name\":\"El Rinconcito de Mis Cositas\",\"description\":\"Historia y Pol\u00edtica Social por \u00c1ngel Ruiz Quesada\",\"potentialAction\":[{\"@type\":\"SearchAction\",\"target\":{\"@type\":\"EntryPoint\",\"urlTemplate\":\"https:\/\/angelruizquesada.com\/borges\/?s={search_term_string}\"},\"query-input\":{\"@type\":\"PropertyValueSpecification\",\"valueRequired\":true,\"valueName\":\"search_term_string\"}}],\"inLanguage\":\"es\"},{\"@type\":\"Person\",\"@id\":\"\",\"url\":\"https:\/\/angelruizquesada.com\/borges\/author\/\"}]}<\/script>\n<!-- \/ Yoast SEO plugin. -->","yoast_head_json":{"title":"Reflexi\u00f3n para nuestros nietos por \u00c1ngel Ru\u00edz Quesada - El Rinconcito de Mis Cositas","robots":{"index":"index","follow":"follow","max-snippet":"max-snippet:-1","max-image-preview":"max-image-preview:large","max-video-preview":"max-video-preview:-1"},"canonical":"https:\/\/angelruizquesada.com\/borges\/reflexion-para-nuestros-nietos-por-angel-ruiz-quesada\/","og_locale":"es_ES","og_type":"article","og_title":"Reflexi\u00f3n para nuestros nietos por \u00c1ngel Ru\u00edz Quesada - El Rinconcito de Mis Cositas","og_description":"Queridas amigas, queridos amigos, recordar\u00e1n que el pasado viernes les [&hellip;]","og_url":"https:\/\/angelruizquesada.com\/borges\/reflexion-para-nuestros-nietos-por-angel-ruiz-quesada\/","og_site_name":"El Rinconcito de Mis Cositas","article_published_time":"2020-05-03T09:39:59+00:00","article_modified_time":"2020-05-05T06:23:01+00:00","twitter_card":"summary_large_image","twitter_misc":{"Escrito por":"","Tiempo de lectura":"11 minutos"},"schema":{"@context":"https:\/\/schema.org","@graph":[{"@type":"WebPage","@id":"https:\/\/angelruizquesada.com\/borges\/reflexion-para-nuestros-nietos-por-angel-ruiz-quesada\/","url":"https:\/\/angelruizquesada.com\/borges\/reflexion-para-nuestros-nietos-por-angel-ruiz-quesada\/","name":"Reflexi\u00f3n para nuestros nietos por \u00c1ngel Ru\u00edz Quesada - El Rinconcito de Mis Cositas","isPartOf":{"@id":"https:\/\/angelruizquesada.com\/borges\/#website"},"primaryImageOfPage":{"@id":"https:\/\/angelruizquesada.com\/borges\/reflexion-para-nuestros-nietos-por-angel-ruiz-quesada\/#primaryimage"},"image":{"@id":"https:\/\/angelruizquesada.com\/borges\/reflexion-para-nuestros-nietos-por-angel-ruiz-quesada\/#primaryimage"},"thumbnailUrl":"","datePublished":"2020-05-03T09:39:59+00:00","dateModified":"2020-05-05T06:23:01+00:00","author":{"@id":""},"breadcrumb":{"@id":"https:\/\/angelruizquesada.com\/borges\/reflexion-para-nuestros-nietos-por-angel-ruiz-quesada\/#breadcrumb"},"inLanguage":"es","potentialAction":[{"@type":"ReadAction","target":["https:\/\/angelruizquesada.com\/borges\/reflexion-para-nuestros-nietos-por-angel-ruiz-quesada\/"]}]},{"@type":"ImageObject","inLanguage":"es","@id":"https:\/\/angelruizquesada.com\/borges\/reflexion-para-nuestros-nietos-por-angel-ruiz-quesada\/#primaryimage","url":"","contentUrl":""},{"@type":"BreadcrumbList","@id":"https:\/\/angelruizquesada.com\/borges\/reflexion-para-nuestros-nietos-por-angel-ruiz-quesada\/#breadcrumb","itemListElement":[{"@type":"ListItem","position":1,"name":"Portada","item":"https:\/\/angelruizquesada.com\/borges\/"},{"@type":"ListItem","position":2,"name":"Reflexi\u00f3n para nuestros nietos por \u00c1ngel Ru\u00edz Quesada"}]},{"@type":"WebSite","@id":"https:\/\/angelruizquesada.com\/borges\/#website","url":"https:\/\/angelruizquesada.com\/borges\/","name":"El Rinconcito de Mis Cositas","description":"Historia y Pol\u00edtica Social por \u00c1ngel Ruiz Quesada","potentialAction":[{"@type":"SearchAction","target":{"@type":"EntryPoint","urlTemplate":"https:\/\/angelruizquesada.com\/borges\/?s={search_term_string}"},"query-input":{"@type":"PropertyValueSpecification","valueRequired":true,"valueName":"search_term_string"}}],"inLanguage":"es"},{"@type":"Person","@id":"","url":"https:\/\/angelruizquesada.com\/borges\/author\/"}]}},"_links":{"self":[{"href":"https:\/\/angelruizquesada.com\/borges\/wp-json\/wp\/v2\/posts\/62483","targetHints":{"allow":["GET"]}}],"collection":[{"href":"https:\/\/angelruizquesada.com\/borges\/wp-json\/wp\/v2\/posts"}],"about":[{"href":"https:\/\/angelruizquesada.com\/borges\/wp-json\/wp\/v2\/types\/post"}],"author":[{"embeddable":true,"href":"https:\/\/angelruizquesada.com\/borges\/wp-json\/wp\/v2\/users\/2"}],"replies":[{"embeddable":true,"href":"https:\/\/angelruizquesada.com\/borges\/wp-json\/wp\/v2\/comments?post=62483"}],"version-history":[{"count":1,"href":"https:\/\/angelruizquesada.com\/borges\/wp-json\/wp\/v2\/posts\/62483\/revisions"}],"predecessor-version":[{"id":62558,"href":"https:\/\/angelruizquesada.com\/borges\/wp-json\/wp\/v2\/posts\/62483\/revisions\/62558"}],"wp:featuredmedia":[{"embeddable":true,"href":"https:\/\/angelruizquesada.com\/borges\/wp-json\/"}],"wp:attachment":[{"href":"https:\/\/angelruizquesada.com\/borges\/wp-json\/wp\/v2\/media?parent=62483"}],"wp:term":[{"taxonomy":"category","embeddable":true,"href":"https:\/\/angelruizquesada.com\/borges\/wp-json\/wp\/v2\/categories?post=62483"},{"taxonomy":"post_tag","embeddable":true,"href":"https:\/\/angelruizquesada.com\/borges\/wp-json\/wp\/v2\/tags?post=62483"}],"curies":[{"name":"wp","href":"https:\/\/api.w.org\/{rel}","templated":true}]}}